{"id":8779,"date":"2026-02-20T10:00:18","date_gmt":"2026-02-20T09:00:18","guid":{"rendered":"https:\/\/balencio.com\/het-engagement-van-medewerkers-stimuleren-concrete-hefbomen-en-praktijkervaringen\/"},"modified":"2026-04-30T10:17:03","modified_gmt":"2026-04-30T08:17:03","slug":"het-engagement-van-medewerkers-stimuleren-concrete-hefbomen-en-praktijkervaringen","status":"publish","type":"post","link":"https:\/\/balencio.com\/nl\/het-engagement-van-medewerkers-stimuleren-concrete-hefbomen-en-praktijkervaringen\/","title":{"rendered":"Het engagement van medewerkers stimuleren: concrete hefbomen en praktijkervaringen"},"content":{"rendered":"\n<div class=\"wp-block-grimlock-wrapper alignfull  wp-block-grimlock-wrapper--inner-narrower\" style=\"--grimlock-wrapper-background-color:#F8F9FA;--grimlock-wrapper-margin-bottom:0rem;--grimlock-wrapper-padding-top:2rem;--grimlock-wrapper-border-top:0 solid #00000000;--grimlock-wrapper-border-bottom:0 solid #00000000;--grimlock-wrapper-border-left:0 solid #00000000;--grimlock-wrapper-border-right:0 solid #00000000\"><div class=\"wp-block-grimlock-wrapper__bg\"><\/div><div class=\"wp-block-grimlock-wrapper__bg-overlay\"><\/div><div class=\"wp-block-grimlock-wrapper__inner\"><div style=\"font-style:normal;font-weight:500;text-transform:uppercase\" class=\"taxonomy-category has-text-align-center wp-block-post-terms has-text-color has-black-color has-text-bigger-font-size\"><a href=\"https:\/\/balencio.com\/nl\/bronnen\/artikelen\/\" rel=\"tag\">Artikelen<\/a><\/div>\n\n\n<div style=\"height:1rem\" aria-hidden=\"true\" class=\"wp-block-spacer\"><\/div>\n\n\n<h1 class=\"has-text-align-center wp-block-post-title\">Het engagement van medewerkers stimuleren: concrete hefbomen en praktijkervaringen<\/h1>\n\n\t\t\t<div  class=\" wp-block-grimlock-divider alignfull grimlock-divider grimlock-divider--flip-shape-horizontally grimlock-divider--align-icon-center-center\" style=\"--grimlock-divider-shape-color:#F8F9FA;--grimlock-divider-icon-color:#000000;--grimlock-divider-background-color:#fefefe;--grimlock-divider-icon-size:20px;--grimlock-divider-height:100px;--grimlock-divider-margin-top:0px;--grimlock-divider-margin-bottom:0px;z-index:0;\"  >\n\t\t\t\t\n\t\t\t<div class=\"grimlock-divider__icon\">\n\n\t\t\t\t<svg width=\"40\" height=\"40\" xmlns=\"http:\/\/www.w3.org\/2000\/svg\" viewBox=\"0 0 40 40\"><\/svg>\n\n\t\t\t<\/div>\n\n\t\t\t\t\t\t\n\t\t\t<div class=\"grimlock-divider__shape\">\n\t\t\t\t<svg viewBox=\"0 0 1600 200\" xmlns=\"http:\/\/www.w3.org\/2000\/svg\" preserveAspectRatio=\"none\" class=\"grimlock-divider-svg grimlock-divider-svg--curve\" aria-hidden=\"true\"><path d=\"M1610 177.3C1423 122.9 1133.3 88 808 88c-334.7 0-631.8 37-818 94.1v28h1620v-32.8z\"><\/path><\/svg>\n\t\t\t<\/div>\n\n\t\t\t\t\t<\/div>\n\t\t<\/div><\/div>\n\n<div class=\"wp-block-grimlock-wrapper alignfull  wp-block-grimlock-wrapper--inner-narrow\" style=\"--grimlock-wrapper-border-top:0 solid #00000000;--grimlock-wrapper-border-bottom:0 solid #00000000;--grimlock-wrapper-border-left:0 solid #00000000;--grimlock-wrapper-border-right:0 solid #00000000;--grimlock-wrapper-overflow:visible\"><div class=\"wp-block-grimlock-wrapper__bg\"><\/div><div class=\"wp-block-grimlock-wrapper__bg-overlay\"><\/div><div class=\"wp-block-grimlock-wrapper__inner\">\n<div class=\"wp-block-group has-balencio-grey-600-color has-text-color has-text-smaller-font-size is-content-justification-center is-nowrap is-layout-flex wp-container-core-group-is-layout-80041ad0 wp-block-group-is-layout-flex\">\n<div class=\"wp-block-group\"><div class=\"wp-block-group__inner-container is-layout-constrained wp-block-group-is-layout-constrained\">\n<p>Post\u00e9 le<\/p>\n<\/div><\/div>\n\n\n<div class=\"has-text-align-left wp-block-post-date\"><time datetime=\"2026-02-20T10:00:18+01:00\">20 februari 2026<\/time><\/div><\/div>\n\n\n\n<div style=\"height:1rem\" aria-hidden=\"true\" class=\"wp-block-spacer wp-embed-aspect-16-9 wp-has-aspect-ratio\"><\/div>\n\n\n\n<p class=\"has-text-align-center wp-embed-aspect-16-9 wp-has-aspect-ratio has-balencio-blue-500-color has-text-color\" style=\"font-style:normal;font-weight:500\"><span class=\"span-reading-time rt-reading-time\"><span class=\"rt-label rt-prefix\"><\/span> <span class=\"rt-time\"> 5<\/span> <span class=\"rt-label rt-postfix\"><\/span><\/span> minuten leestijd<\/p>\n\n\n\n<div style=\"height:1rem\" aria-hidden=\"true\" class=\"wp-block-spacer wp-embed-aspect-16-9 wp-has-aspect-ratio\"><\/div>\n\n\n<figure style=\"width:100%;\" class=\"wp-embed-aspect-16-9 wp-has-aspect-ratio wp-block-post-featured-image\"><img decoding=\"async\" width=\"2560\" height=\"1600\" src=\"https:\/\/balencio.com\/wp-content\/uploads\/2026\/02\/engagement-des-collaborateurs-scaled.png\" class=\"attachment-full size-full wp-post-image\" alt=\"Illustration li\u00e9e au travail collectif, montrant trois personnages levant un drapeau sur un fond contenant des engrenages, une cible et une ic\u00f4ne de validation.\" style=\"object-fit:cover;\" srcset=\"https:\/\/balencio.com\/wp-content\/uploads\/2026\/02\/engagement-des-collaborateurs-scaled.png 2560w, https:\/\/balencio.com\/wp-content\/uploads\/2026\/02\/engagement-des-collaborateurs-300x188.png 300w, https:\/\/balencio.com\/wp-content\/uploads\/2026\/02\/engagement-des-collaborateurs-1024x640.png 1024w, https:\/\/balencio.com\/wp-content\/uploads\/2026\/02\/engagement-des-collaborateurs-768x480.png 768w, https:\/\/balencio.com\/wp-content\/uploads\/2026\/02\/engagement-des-collaborateurs-1536x960.png 1536w, https:\/\/balencio.com\/wp-content\/uploads\/2026\/02\/engagement-des-collaborateurs-2048x1280.png 2048w, https:\/\/balencio.com\/wp-content\/uploads\/2026\/02\/engagement-des-collaborateurs-1850x1156.png 1850w\" sizes=\"(max-width: 2560px) 100vw, 2560px\" \/><\/figure>\n\n\n<div class=\"wp-block-columns is-not-stacked-on-mobile wp-embed-aspect-16-9 wp-has-aspect-ratio is-layout-flex wp-container-core-columns-is-layout-9d6595d7 wp-block-columns-is-layout-flex\">\n<div class=\"wp-block-column is-layout-flow wp-block-column-is-layout-flow\" style=\"flex-basis:75%\">\n<p>De<a href=\"https:\/\/balencio.com\/nl\/employer-branding\/engagement\/\"> <strong>betrokkenheid van medewerkers<\/strong><\/a> neemt vandaag een centrale plaats in binnen het succes en de transformatie van organisaties. Het gaat er niet alleen om erover te spreken, maar om te begrijpen hoe <strong>motivatie <\/strong>kan worden gestimuleerd, <strong><a href=\"https:\/\/balencio.com\/nl\/employer-branding\/tevredenheid\/\">werktevredenheid kan worden versterkt<\/a><\/strong> en <strong>duurzame betrokkenheid van werknemers<\/strong> kan worden bevorderd. Voor HR-professionals die streven naar bedrijfsprestaties, maakt het verkennen van concrete praktijken het mogelijk om een klimaat te cre\u00ebren dat <strong>vertrouwen in de werkgever<\/strong> en waardering voor het <strong>werk bevordert<\/strong>. Een methodische aanpak, innovatieve tools en praktijkervaringen verrijken uw reflectie over dit onmisbare onderwerp.   <\/p>\n\n\n\n<div style=\"height:20px\" aria-hidden=\"true\" class=\"wp-block-spacer\"><\/div>\n\n\n<h2 class=\"wp-block-heading\" id=\"waarom-inzetten-op-medewerkersbetrokkenheid\"><strong>Waarom inzetten op medewerkersbetrokkenheid ?<\/strong><\/h2>\n\n\n<p>Het stimuleren van de <strong>betrokkenheid van werknemers<\/strong> is niet langer louter een humanistische benadering, maar vormt vandaag een strategische pijler om het <strong>concurrentievermogen van een onderneming<\/strong> te versterken. Teams die zich betrokken voelen, tonen doorgaans een <strong>hogere productiviteit<\/strong>, een lager <strong><a href=\"https:\/\/balencio.com\/nl\/absenteisme-oorzaken-gevolgen-en-oplossingen\/\">absente\u00efsme <\/a><\/strong>en dragen actief bij aan het aantrekken en <strong><a href=\"https:\/\/balencio.com\/nl\/employer-branding\/retentie\/\">behouden van talent<\/a><\/strong>. <\/p>\n\n\n\n<p>Talrijke studies tonen een directe correlatie aan tussen de <strong>betrokkenheid van teams<\/strong> en de <strong>prestaties van de onderneming<\/strong>. Medewerkers die zich betrokken voelen, genereren meer idee\u00ebn, ontwikkelen een sterk verantwoordelijkheidsgevoel en bevorderen een solide samenwerkingsomgeving. Een grotere mobilisatie rond de gemeenschappelijke missie versterkt bovendien de <strong>kwaliteit van de relatie tussen werknemer en organisatie<\/strong> en vermindert het risico op disengagement.  <\/p>\n\n\n\n<div style=\"height:20px\" aria-hidden=\"true\" class=\"wp-block-spacer\"><\/div>\n\n\n<h2 class=\"wp-block-heading\" id=\"de-fundamentele-pijlers-erkenning-professionele-ontwikkeling-en-luisterbereidheid\"><strong>De fundamentele pijlers : erkenning, professionele ontwikkeling en luisterbereidheid<\/strong><\/h2>\n\n\n<p>Verschillende dimensies be\u00efnvloeden het niveau van <strong>betrokkenheid van medewerkers<\/strong>. Tot de vaak terugkerende sleutelwoorden behoren erkenning, <strong>loopbaanperspectieven<\/strong>, autonomie en duidelijkheid in de toegewezen opdrachten. <\/p>\n\n\n\n<p>De<strong> waardering van het geleverde werk<\/strong>, of het nu gaat om regelmatige feedback of om aangepaste beloningssystemen, speelt een doorslaggevende rol. Evenzo biedt het stimuleren van professionele ontwikkeling via permanente opleiding concrete kansen om motivatie en werktevredenheid te versterken. Investeren in deze hefbomen cre\u00ebert een vruchtbare voedingsbodem om de <strong>betrokkenheid van werknemers<\/strong> op lange termijn te verhogen.  <\/p>\n\n\n\n<div style=\"height:10px\" aria-hidden=\"true\" class=\"wp-block-spacer\"><\/div>\n\n\n<h3 class=\"wp-block-heading\" id=\"welke-vormen-kan-erkenning-aannemen\"><strong><strong>Welke vormen kan erkenning aannemen ?<\/strong><\/strong><\/h3>\n\n\n<p><strong>Erkenning <\/strong>beperkt zich niet tot loonsverhogingen of uitzonderlijke premies. Ze omvat verschillende aspecten: expliciete bedankingen na een succesvol project, in de kijker zetten tijdens teamvergaderingen, of het toekennen van nieuwe verantwoordelijkheden in functie van ieders interesses en ambities. <\/p>\n\n\n\n<p>Het invoeren van een<strong> cultuur van positieve feedback<\/strong> fungeert als een krachtige versneller. Zo kan een manager bijvoorbeeld regelmatig in het comit\u00e9 de opmerkelijke prestaties van een teamlid onder de aandacht brengen. Deze aandacht wekt niet alleen een gevoel van trots op, maar versterkt ook het <strong>vertrouwen in de werkgever<\/strong> en het gevoel van verbondenheid.  <\/p>\n\n\n\n<div style=\"height:10px\" aria-hidden=\"true\" class=\"wp-block-spacer\"><\/div>\n\n\n<h3 class=\"wp-block-heading\" id=\"hoe-kan-men-professionele-ontwikkeling-stimuleren\"><strong>Hoe kan men professionele ontwikkeling stimuleren ?<\/strong><\/h3>\n\n\n<p><strong>Betrokken medewerkers<\/strong> streven er voortdurend naar <strong>nieuwe vaardigheden<\/strong> te verwerven of door te groeien naar functies met meer verantwoordelijkheid. Het aanbieden van ge\u00efndividualiseerde trajecten ondersteunt hun <strong>loopbaanontwikkeling <\/strong>en speelt tegelijk strategisch in op de behoeften van de organisatie. <\/p>\n\n\n\n<p>Jaarlijkse competentieplannen, aangevuld met gerichte opleidingen, mentorschap en de mogelijkheid om deel te nemen aan transversale projecten, vormen allemaal concrete manieren om de professionele ontwikkeling te versterken. Dit soort investeringen getuigt van een echte aandacht voor <strong>individuele behoeften<\/strong> en versterkt de <strong>collectieve motivatie.<\/strong> <\/p>\n\n\n\n<div style=\"height:20px\" aria-hidden=\"true\" class=\"wp-block-spacer\"><\/div>\n\n\n<h2 class=\"wp-block-heading\" id=\"de-betrokkenheid-van-medewerkers-meten-betrouwbare-tools-en-methodologieen\"><strong>De betrokkenheid van medewerkers meten : betrouwbare tools en methodologie\u00ebn<\/strong><\/h2>\n\n\n<p>Om het HR-beleid doeltreffend te sturen, is het essentieel om regelmatig het niveau van <strong>betrokkenheid van teams<\/strong> te evalueren. Verschillende indicatoren maken het mogelijk om deze dynamiek op te volgen en eventuele kwetsbare zones te identificeren. <\/p>\n\n\n\n<p>De <strong><a href=\"https:\/\/balencio.com\/nl\/feedback-van-medewerkers\/enps\/\">eNPS<\/a><\/strong> (<strong><strong>employee Net Promoter Score<\/strong><\/strong>), de pulse survey en diverse opinievragenlijsten worden gebruikt om een aanzienlijke hoeveelheid kwantitatieve en kwalitatieve gegevens te verzamelen. Indien correct toegepast, sturen deze methoden de concrete acties aan die moeten worden ingezet om de <strong>kwaliteit van de relatie tussen werknemer en organisatie te versterken<\/strong>. <\/p>\n\n\n\n<p>Balencio heeft overigens een wetenschappelijk model ontwikkeld dat specifiek gericht is op medewerkersbetrokkenheid. Dit model is gebaseerd op het Job Demands\u2013Resources Model (Bakker &amp; Demerouti, 2017) en onderzoekt de onderliggende oorzaken van de hefbomen voor betrokkenheid op verschillende niveaus (organisatie, leidinggevende, team en individu), waardoor het mogelijk wordt een concreet actieplan op te stellen. <\/p>\n\n\n\n<div style=\"height:10px\" aria-hidden=\"true\" class=\"wp-block-spacer\"><\/div>\n\n\n<h3 class=\"wp-block-heading\" id=\"welke-voordelen-bieden-pulseenquetes\"><strong>Welke voordelen bieden pulse-enqu\u00eates ?<\/strong><\/h3>\n\n\n<p>In tegenstelling tot een jaarlijkse sociale barometer biedt de <strong><a href=\"https:\/\/balencio.com\/nl\/feedback-van-medewerkers\/pulse-enquete\/\"><strong>pulse-enqu\u00eate<\/strong><\/a><\/strong> korte en frequente formats, die gericht zijn op prioritaire thema\u2019s zoals <strong><a href=\"https:\/\/balencio.com\/nl\/development-performance\/werkbelasting\/\">werkdruk<\/a><\/strong>, <strong>erkenning <\/strong>of de <strong>balans tussen werk en priv\u00e9leven<\/strong>.<\/p>\n\n\n\n<p>Deze snelle meetroutine garandeert een <strong>hoge responsgraad <\/strong>en levert bijna onmiddellijk bruikbare feedback op. HR-verantwoordelijken analyseren bijvoorbeeld een vertrouwensscore ten opzichte van het management door de resultaten te vergelijken met een relevante sectorbenchmark, om snel de verbeterpunten te kunnen identificeren. <\/p>\n\n\n\n<div style=\"height:10px\" aria-hidden=\"true\" class=\"wp-block-spacer\"><\/div>\n\n\n<h3 class=\"wp-block-heading\" id=\"welke-valkuilen-moeten-worden-vermeden-bij-de-interpretatie-van-de-resultaten\"><strong>Welke valkuilen moeten worden vermeden bij de interpretatie van de resultaten ?<\/strong><\/h3>\n\n\n<p>Let op voor <strong>vertekening in de representativiteit<\/strong> of de neiging om gegevens te analyseren zonder rekening te houden met de context. Een lage <strong><a href=\"https:\/\/balencio.com\/enps-employee-net-promoter-score\/\">eNPS<\/a><\/strong>-score mag nooit op zichzelf worden bekeken. Het is altijd aangewezen om kwantitatieve en kwalitatieve gegevens te combineren, onder meer via <strong>anonieme open<\/strong> antwoorden die tijdens enqu\u00eates worden verzameld.  <\/p>\n\n\n\n<p>Een genuanceerde interpretatie houdt ook in dat<strong> leidinggevenden worden betrokken<\/strong> bij een gezamenlijke analyse van de resultaten. Zo kunnen zij vroege waarschuwingssignalen identificeren, de specifieke verwachtingen van teams beter begrijpen en samen <strong>realistische actieplannen<\/strong> uitwerken die in de tijd worden opgevolgd. <\/p>\n\n\n\n<div style=\"height:20px\" aria-hidden=\"true\" class=\"wp-block-spacer\"><\/div>\n\n\n<h2 class=\"wp-block-heading\" id=\"managers-en-directie-betrekken-welke-collectieve-best-practices-kunnen-worden-toegepast\"><strong>Managers en directie betrekken : welke collectieve best practices kunnen worden toegepast ?<\/strong><\/h2>\n\n\n<p>De betrokkenheid van medewerkers wordt versterkt wanneer eerstelijnsmanagers en het <strong>topmanagement <\/strong><strong>samenwerken <\/strong>om een deugdzame cirkel rond <strong>vertrouwen <\/strong>en <strong>open dialoog<\/strong> tot stand te brengen.<\/p>\n\n\n\n<p>Het opleiden van middenkader in actief luisteren, het organiseren van regelmatige workshops voor collectieve expressie en het instellen van jaarlijkse gesprekken over individuele loopbanen zijn drie concrete pistes die de betrokkenheid van werknemers versterken. <strong>Empathisch <\/strong><strong><a href=\"https:\/\/balencio.com\/nl\/development-performance\/leadership\/\">leiderschap <\/a><\/strong>inspireert en stimuleert de motivatie, zelfs in veeleisende of veranderende contexten. <\/p>\n\n\n\n<ul class=\"wp-block-list\">\n<li><strong>Het ontwikkelen van het luister<\/strong>&#8211; en bemiddelingsvermogen van managers<\/li>\n\n\n\n<li><strong>Duidelijke doelstellingen vastleggen<\/strong> en vervolgens alle bereikte mijlpalen vieren<\/li>\n\n\n\n<li><strong>Een informele deelruimte cre\u00ebren<\/strong> om spontane suggesties te verzamelen<\/li>\n\n\n\n<li><strong>Associer les collaborateurs<\/strong> \u00e0 la r\u00e9solution de probl\u00e8mes op\u00e9rationnels<\/li>\n\n\n\n<li><strong>Transparante communicatie behouden<\/strong> over belangrijke beslissingen en geplande ontwikkelingen<\/li>\n<\/ul>\n\n\n\n<p>Het regelmatig integreren van deze <strong>hefbomen <\/strong>in het HR-beleid versterkt het gevoel van <strong>erkenning in het dagelijkse<\/strong> werk en stimuleert een diep gevoel van verbondenheid. Bedrijfsverhalen tonen aan dat deze initiatieven niet noodzakelijk zware middelen vereisen. Soms ontstaat de<strong> collectieve dynamiek<\/strong> uit een eenvoudig maandelijks ritueel waarin team en leidinggevende de vooruitgang evalueren, samen de prioriteiten bijsturen en elke kleine gezamenlijke overwinning vieren.  <\/p>\n\n\n\n<div style=\"height:20px\" aria-hidden=\"true\" class=\"wp-block-spacer\"><\/div>\n\n\n<h2 class=\"wp-block-heading\" id=\"ervaring-uit-de-praktijk-de-bedrijfscultuur-transformeren-dankzij-betrokkenheid\"><strong>Ervaring uit de praktijk : de bedrijfscultuur transformeren dankzij betrokkenheid<\/strong><\/h2>\n\n\n<p>Door medewerkers oprecht te betrekken bij het leven van de organisatie, hebben bepaalde economische spelers hun <strong>werktevredenheid <\/strong>en <strong>interne cohesie<\/strong> duidelijk verbeterd. Zo heeft een onderneming tijdens een fusie een reeks participatieve workshops opgezet om haar nieuwe bedrijfscultuur af te stemmen, met de hulp van vertegenwoordigers uit elke afdeling. <\/p>\n\n\n\n<p>Resultaat : een meetbare stijging van de eNPS-score binnen zes maanden, een merkbare daling van het personeelsverloop en een toename van innovatieve voorstellen uit de praktijk. De versterkte teamgeest vertaalt zich ook in een <strong>rijkere professionele ontwikkeling<\/strong>, met de opkomst van nieuwe vormen van collaboratief leren. Deze dynamieken, eenmaal op gang gebracht, voeden op duurzame wijze de <strong>prestaties van de onderneming.<\/strong>  <\/p>\n\n\n\n<div style=\"height:10px\" aria-hidden=\"true\" class=\"wp-block-spacer\"><\/div>\n\n\n\n<div class=\"wp-block-columns is-layout-flex wp-container-core-columns-is-layout-9d6595d7 wp-block-columns-is-layout-flex\">\n<div class=\"wp-block-column is-layout-flow wp-block-column-is-layout-flow\" data-aos=\"fade-up\" data-aos-duration=\"750\" data-aos-once=\"true\">\n<div style=\"margin-top:0px;margin-bottom:16px;margin-left:0px;margin-right:0px\" class=\"wp-block-getwid-icon has-layout-stacked is-aligned-center\"><div class=\"wp-block-getwid-icon__wrapper has-background has-text-color has-white-color\" style=\"font-size:28px;padding:10px;background-color:#94a0ff\"><i class=\"bx bx-badge-check\"><\/i><\/div><\/div>\n\n\n\n<p class=\"has-text-align-center has-text-bigger-font-size\"><strong><strong>Hefboom voor betrokkenheid<\/strong><\/strong><\/p>\n\n\n\n<div class=\"wp-block-grimlock-wrapper  wp-block-grimlock-wrapper--inner-full\" style=\"--grimlock-wrapper-padding-top:2rem;--grimlock-wrapper-padding-right:2rem;--grimlock-wrapper-padding-bottom:2rem;--grimlock-wrapper-padding-left:2rem;--grimlock-wrapper-border-top:1px solid #EAECEF;--grimlock-wrapper-border-bottom:1px solid #EAECEF;--grimlock-wrapper-border-left:1px solid #EAECEF;--grimlock-wrapper-border-right:1px solid #EAECEF;--grimlock-wrapper-border-top-left-radius:24px;--grimlock-wrapper-border-top-right-radius:0px;--grimlock-wrapper-border-bottom-left-radius:24px;--grimlock-wrapper-border-bottom-right-radius:24px\"><div class=\"wp-block-grimlock-wrapper__bg\"><\/div><div class=\"wp-block-grimlock-wrapper__bg-overlay\"><\/div><div class=\"wp-block-grimlock-wrapper__inner\">\n<ul class=\"wp-block-list\">\n<li>Systematische erkenning van successen<\/li>\n\n\n\n<li>Ge\u00efndividualiseerd traject voor professionele ontwikkeling<\/li>\n\n\n\n<li>Regelmatige dialoog via pulse-enqu\u00eates<\/li>\n<\/ul>\n<\/div><\/div>\n<\/div>\n\n\n\n<div class=\"wp-block-column is-layout-flow wp-block-column-is-layout-flow\" data-aos=\"fade-up\" data-aos-duration=\"750\" data-aos-once=\"true\">\n<div style=\"margin-top:0px;margin-bottom:16px;margin-left:0px;margin-right:0px\" class=\"wp-block-getwid-icon has-layout-stacked is-aligned-center\"><div class=\"wp-block-getwid-icon__wrapper has-background has-text-color has-white-color\" style=\"font-size:28px;padding:10px;background-color:#94a0ff\"><i class=\"bx bx-badge-check\"><\/i><\/div><\/div>\n\n\n\n<p class=\"has-text-align-center has-text-bigger-font-size\"><strong><strong>Vastgestelde voordelen<\/strong><\/strong><\/p>\n\n\n\n<div class=\"wp-block-grimlock-wrapper  wp-block-grimlock-wrapper--inner-full\" style=\"--grimlock-wrapper-padding-top:2rem;--grimlock-wrapper-padding-right:2rem;--grimlock-wrapper-padding-bottom:2rem;--grimlock-wrapper-padding-left:2rem;--grimlock-wrapper-border-top:1px solid #EAECEF;--grimlock-wrapper-border-bottom:1px solid #EAECEF;--grimlock-wrapper-border-left:1px solid #EAECEF;--grimlock-wrapper-border-right:1px solid #EAECEF;--grimlock-wrapper-border-top-left-radius:0px;--grimlock-wrapper-border-top-right-radius:24px;--grimlock-wrapper-border-bottom-left-radius:24px;--grimlock-wrapper-border-bottom-right-radius:24px\"><div class=\"wp-block-grimlock-wrapper__bg\"><\/div><div class=\"wp-block-grimlock-wrapper__bg-overlay\"><\/div><div class=\"wp-block-grimlock-wrapper__inner\">\n<ul class=\"wp-block-list\">\n<li>Versterking van het vertrouwen in de manager, daling van het absente\u00efsme<\/li>\n\n\n\n<li>Stijging van de werktevredenheid en vergemakkelijking van loopbaanontwikkeling<\/li>\n\n\n\n<li>Reactiviteit op verwachtingen, continue verbetering van de kwaliteit van het werkleven (<strong><a href=\"https:\/\/balencio.com\/nl\/welzijn-op-het-werk\/mentale-gezondheid-energie\/\">QWL<\/a><\/strong>)<\/li>\n<\/ul>\n<\/div><\/div>\n<\/div>\n<\/div>\n\n\n\n<p><br\/>De <strong>betrokkenheid van medewerkers<\/strong> blijkt een waardevolle bondgenoot te zijn die innovatie, loyaliteit en operationele uitmuntendheid genereert. Door <strong>dialoog<\/strong>, <strong>erkenning <\/strong>en <strong>professionele ontwikkeling<\/strong> te cultiveren, legt elke actie de basis voor een diepgaande verbetering van de <strong>algemene prestaties<\/strong>, gedreven door een collectieve dynamiek. <\/p>\n\n\n\n<div class=\"wp-block-grimlock-wrapper  wp-block-grimlock-wrapper--inner-narrow\" style=\"--grimlock-wrapper-text-color:#ffffff;--grimlock-wrapper-headings-color:#ffffff;--grimlock-wrapper-background-color:linear-gradient(288deg,rgb(148,160,255) 0%,rgb(83,96,191) 100%);--grimlock-wrapper-margin-top:8rem;--grimlock-wrapper-margin-bottom:8rem;--grimlock-wrapper-padding-top:4vw;--grimlock-wrapper-padding-right:4vw;--grimlock-wrapper-padding-bottom:4vw;--grimlock-wrapper-padding-left:4vw;--grimlock-wrapper-border-top:0 solid #00000000;--grimlock-wrapper-border-bottom:0 solid #00000000;--grimlock-wrapper-border-left:0 solid #00000000;--grimlock-wrapper-border-right:0 solid #00000000;--grimlock-wrapper-border-top-left-radius:40px;--grimlock-wrapper-border-top-right-radius:0px;--grimlock-wrapper-border-bottom-left-radius:40px;--grimlock-wrapper-border-bottom-right-radius:40px\" data-aos=\"fade-up\" data-aos-duration=\"750\" data-aos-easing=\"ease-in-out\" data-aos-once=\"true\"><div class=\"wp-block-grimlock-wrapper__bg\"><\/div><div class=\"wp-block-grimlock-wrapper__bg-overlay\"><\/div><div class=\"wp-block-grimlock-wrapper__inner\"><h2 class=\"wp-block-heading has-text-align-center decoration-lines--right decoration--color-warning-400\" id=\"ontdek-balencio-in-actie\"><mark style=\"background-color:#FFC078\" class=\"has-inline-color\">Ontdek<\/mark> Balencio in actie<\/h2>\n\n\n<div style=\"height:1rem\" aria-hidden=\"true\" class=\"wp-block-spacer\"><\/div>\n\n\n\n<div class=\"wp-block-buttons is-content-justification-center is-layout-flex wp-container-core-buttons-is-layout-16018d1d wp-block-buttons-is-layout-flex\">\n<div class=\"wp-block-button popmake-3063\"><a class=\"wp-block-button__link has-text-align-left wp-element-button\">Vraag een demo aan<\/a><\/div>\n<\/div>\n<\/div><\/div>\n\n\n\n<div class=\"wp-block-group is-nowrap is-layout-flex wp-container-core-group-is-layout-ad2f72ca wp-block-group-is-layout-flex\">\n<figure class=\"wp-block-image size-full\"><img decoding=\"async\" width=\"102\" height=\"99\" src=\"https:\/\/balencio.com\/wp-content\/uploads\/2026\/02\/caroline_iweins-2.png\" alt=\"Portret van Caroline Iweins\" class=\"wp-image-7475\" style=\"object-fit:cover\"\/><\/figure>\n\n\n\n<div class=\"wp-block-group\"><div class=\"wp-block-group__inner-container is-layout-constrained wp-block-group-is-layout-constrained\"><div style=\"font-style:normal;font-weight:600;\" class=\"wp-block-post-author-name\">Caroline Iweins<\/div>\n\n\n<p class=\"has-balencio-grey-700-color has-text-color has-text-smaller-font-size\">Head of Research & Development<\/p>\n<\/div><\/div>\n<\/div>\n\n\n\n<div style=\"height:0.5rem\" aria-hidden=\"true\" class=\"wp-block-spacer\"><\/div>\n\n\n<div class=\"wp-block-post-author-biography has-text-color has-balencio-grey-800-color\">Caroline Iweins est Docteure en psychologie du travail et charg\u00e9e de cours invit\u00e9e \u00e0 l\u2019UCLouvain, o\u00f9 elle enseigne la gestion des risques psychosociaux. Elle est \u00e9galement Responsable Recherche &amp; D\u00e9veloppement chez Balencio, o\u00f9 elle met son expertise scientifique au service de la conception d\u2019outils innovants d\u00e9di\u00e9s \u00e0 la mesure et \u00e0 la pr\u00e9vention du bien-\u00eatre au travail.\r\nSes travaux portent sur la pr\u00e9vention du stress professionnel, la d\u00e9tection du burnout et l\u2019am\u00e9lioration du climat organisationnel. Passionn\u00e9e par le lien entre science et pratique, elle \u0153uvre \u00e0 rapprocher la recherche acad\u00e9mique des r\u00e9alit\u00e9s du terrain pour aider les entreprises \u00e0 d\u00e9velopper des environnements de travail sains, durables et performants.\r\nCaroline Iweins est \u00e9galement auteure de l\u2019ouvrage \u201cD\u00e9tecter et pr\u00e9venir le burnout\u201d, publi\u00e9 aux \u00c9ditions Mardaga, dans lequel elle partage des cl\u00e9s scientifiques et pratiques pour comprendre, rep\u00e9rer et agir face au burnout.<\/div><\/div>\n\n\n\n<div class=\"wp-block-column column--sticky is-layout-flow wp-block-column-is-layout-flow\" style=\"flex-basis:25%\">\n<div class=\"wp-block-grimlock-wrapper wp-block-grimlock-wrapper--inner-full box--shadowed\" style=\"--grimlock-wrapper-margin-top:2rem;--grimlock-wrapper-border-top:0 solid #00000000;--grimlock-wrapper-border-bottom:0 solid #00000000;--grimlock-wrapper-border-left:0 solid #00000000;--grimlock-wrapper-border-right:0 solid #00000000;--grimlock-wrapper-border-top-left-radius:27px;--grimlock-wrapper-border-bottom-left-radius:27px;--grimlock-wrapper-border-bottom-right-radius:27px\"><div class=\"wp-block-grimlock-wrapper__bg\"><\/div><div class=\"wp-block-grimlock-wrapper__bg-overlay\"><\/div><div class=\"wp-block-grimlock-wrapper__inner\"><\/div><\/div>\n\n\n\n<div class=\"wp-block-group balencio-article-sidebar is-vertical is-layout-flex wp-container-core-group-is-layout-8cf370e7 wp-block-group-is-layout-flex\">\n<div class=\"wp-block-grimlock-wrapper  wp-block-grimlock-wrapper--inner-full box--shadowed\" style=\"--grimlock-wrapper-padding-top:2rem;--grimlock-wrapper-padding-right:1rem;--grimlock-wrapper-padding-bottom:2rem;--grimlock-wrapper-padding-left:1rem;--grimlock-wrapper-border-top:1px solid #EAECEF;--grimlock-wrapper-border-bottom:1px solid #EAECEF;--grimlock-wrapper-border-left:1px solid #EAECEF;--grimlock-wrapper-border-right:1px solid #EAECEF;--grimlock-wrapper-border-top-left-radius:27px;--grimlock-wrapper-border-top-right-radius:0px;--grimlock-wrapper-border-bottom-left-radius:27px;--grimlock-wrapper-border-bottom-right-radius:27px\"><div class=\"wp-block-grimlock-wrapper__bg\"><\/div><div class=\"wp-block-grimlock-wrapper__bg-overlay\"><\/div><div class=\"wp-block-grimlock-wrapper__inner\">\n<p class=\"has-text-align-left has-balencio-blue-500-color has-text-color has-h-5-font-size\">Table des mati\u00e8res<\/p>\n\n\n<ul class=\"simpletoc-list\">\n<li><a href=\"#waarom-inzetten-op-medewerkersbetrokkenheid\">Waarom inzetten op medewerkersbetrokkenheid ?<\/a>\n\n<\/li>\n<li><a href=\"#de-fundamentele-pijlers-erkenning-professionele-ontwikkeling-en-luisterbereidheid\">De fundamentele pijlers : erkenning, professionele ontwikkeling en luisterbereidheid<\/a>\n\n\n<\/li>\n\n<li><a href=\"#de-betrokkenheid-van-medewerkers-meten-betrouwbare-tools-en-methodologieen\">De betrokkenheid van medewerkers meten : betrouwbare tools en methodologie\u00ebn<\/a>\n\n\n<\/li>\n\n<li><a href=\"#managers-en-directie-betrekken-welke-collectieve-best-practices-kunnen-worden-toegepast\">Managers en directie betrekken : welke collectieve best practices kunnen worden toegepast ?<\/a>\n\n<\/li>\n<li><a href=\"#ervaring-uit-de-praktijk-de-bedrijfscultuur-transformeren-dankzij-betrokkenheid\">Ervaring uit de praktijk : de bedrijfscultuur transformeren dankzij betrokkenheid<\/a>\n\n<\/li>\n<li><a href=\"#ontdek-balencio-in-actie\">Ontdek Balencio in actie<\/a>\n<\/li><\/ul><\/div><\/div>\n\n\n\n<div style=\"height:0px\" aria-hidden=\"true\" class=\"wp-block-spacer wp-container-content-42c95ffb\"><\/div>\n\n\n\n<div class=\"wp-block-grimlock-wrapper  wp-block-grimlock-wrapper--inner-full box--shadowed\" style=\"--grimlock-wrapper-margin-top:0rem;--grimlock-wrapper-border-top:0 solid #00000000;--grimlock-wrapper-border-bottom:0 solid #00000000;--grimlock-wrapper-border-left:0 solid #00000000;--grimlock-wrapper-border-right:0 solid #00000000;--grimlock-wrapper-border-top-left-radius:27px;--grimlock-wrapper-border-bottom-left-radius:27px;--grimlock-wrapper-border-bottom-right-radius:27px\"><div class=\"wp-block-grimlock-wrapper__bg\"><\/div><div class=\"wp-block-grimlock-wrapper__bg-overlay\"><\/div><div class=\"wp-block-grimlock-wrapper__inner\">\n<figure class=\"wp-block-image size-large is-resized w-100\"><img decoding=\"async\" width=\"685\" height=\"493\" src=\"https:\/\/balencio.com\/wp-content\/uploads\/2023\/09\/Newsletter-4.svg\" alt=\"Illustration d\u2019une communication ou un personnage assis tient un m\u00e9gaphone tandis qu\u2019un ordinateur affiche une grande enveloppe ouverte.\" class=\"wp-image-7524\" style=\"width:290px;height:auto\"\/><\/figure>\n\n\n\n<div class=\"wp-block-grimlock-wrapper  wp-block-grimlock-wrapper--inner-full\" style=\"--grimlock-wrapper-background-color:linear-gradient(135deg,rgb(148,160,255) 0%,rgb(130,144,253) 100%);--grimlock-wrapper-padding-top:1rem;--grimlock-wrapper-padding-right:1rem;--grimlock-wrapper-padding-bottom:1rem;--grimlock-wrapper-padding-left:1rem;--grimlock-wrapper-border-top:0 solid #00000000;--grimlock-wrapper-border-bottom:0 solid #00000000;--grimlock-wrapper-border-left:0 solid #00000000;--grimlock-wrapper-border-right:0 solid #00000000\"><div class=\"wp-block-grimlock-wrapper__bg\"><\/div><div class=\"wp-block-grimlock-wrapper__bg-overlay\"><\/div><div class=\"wp-block-grimlock-wrapper__inner\">\n<p class=\"has-white-color has-text-color has-text-bigger-font-size\">\n\t\t\t\t\t\t\t\t\t<strong>Les actualit\u00e9s RH de Balencio directement dans votre bo\u00eete mail<\/strong><\/p>\n\n\n\n\t\t\t<form id=\"sib_signup_form_4\" method=\"post\" class=\"sib_signup_form\">\n\t\t\t\t<div class=\"sib_loader\" style=\"display:none;\"><img\n\t\t\t\t\t\t\tsrc=\"https:\/\/balencio.com\/wp-includes\/images\/spinner.gif\" alt=\"loader\"><\/div>\n\t\t\t\t<input type=\"hidden\" name=\"sib_form_action\" value=\"subscribe_form_submit\">\n\t\t\t\t<input type=\"hidden\" name=\"sib_form_id\" value=\"4\">\n                <input type=\"hidden\" name=\"sib_form_alert_notice\" value=\"Vul dit veld in.\">\n                <input type=\"hidden\" name=\"sib_form_invalid_email_notice\" value=\"Uw e-mailadres is ongeldig.\">\n                <input type=\"hidden\" name=\"sib_security\" value=\"aa9aea13f7\">\n\t\t\t\t<div class=\"sib_signup_box_inside_4\">\n\t\t\t\t\t<div style=\"\/*display:none*\/\" class=\"sib_msg_disp\">\n\t\t\t\t\t<\/div>\n                    \t\t\t\t\t    <label class=\"sib-email-area\">E-mailadres*<\/label> \r\n    <input type=\"email\" class=\"sib-email-area\" name=\"email\" placeholder=\"\" value=\"voornaam.achternaam@bedrijf.com\" required=\"required\"> \r\n<\/p>\r\n<input type=\"checkbox\" name=\"terms\" required=\"required\"> Ik ga akkoord <a href=\"https:\/\/balencio.com\/vie-privee\/\">met het beleid inzake gegevensverwerking en privacy<\/a> \r\n<p class=\"sib-email-area\"> \r\n<p>\r\n    <input type=\"submit\" class=\"sib-default-btn\" value=\"Ik abonneer me\">\r\n<\/p>\t\t\t\t<\/div>\n\t\t\t<\/form>\n\t\t\t<style>\n\t\t\t\tform#sib_signup_form_4 p.sib-alert-message {\n    padding: 6px 12px;\n    margin-bottom: 20px;\n    border: 1px solid transparent;\n    border-radius: 4px;\n    -webkit-box-sizing: border-box;\n    -moz-box-sizing: border-box;\n    box-sizing: border-box;\n}\nform#sib_signup_form_4 p.sib-alert-message-error {\n    background-color: #f2dede;\n    border-color: #ebccd1;\n    color: #a94442;\n}\nform#sib_signup_form_4 p.sib-alert-message-success {\n    background-color: #dff0d8;\n    border-color: #d6e9c6;\n    color: #3c763d;\n}\nform#sib_signup_form_4 p.sib-alert-message-warning {\n    background-color: #fcf8e3;\n    border-color: #faebcc;\n    color: #8a6d3b;\n}\n\t\t\t<\/style>\n\t\t\t\n<\/div><\/div>\n<\/div><\/div>\n<\/div>\n<\/div>\n<\/div>\n<\/div><\/div>\n","protected":false},"excerpt":{"rendered":"<p>Medewerkersbetrokkenheid wordt gedefinieerd als de cognitieve en emotionele betrokkenheid bij het werk. Ontdek hoe u dit kunt meten en verbeteren. <\/p>\n","protected":false},"author":4,"featured_media":7480,"comment_status":"closed","ping_status":"closed","sticky":false,"template":"","format":"standard","meta":{"_acf_changed":false,"inline_featured_image":false,"footnotes":""},"categories":[43],"tags":[62],"class_list":["post-8779","post","type-post","status-publish","format-standard","has-post-thumbnail","hentry","category-artikelen","tag-article"],"acf":[],"yoast_head":"<!-- This site is optimized with the Yoast SEO plugin v27.3 - https:\/\/yoast.com\/product\/yoast-seo-wordpress\/ -->\n<title>Medewerkersbetrokkenheid : strategie\u00ebn en praktijkervaringen<\/title>\n<meta name=\"description\" content=\"Ontdek concrete hefbomen om de betrokkenheid van medewerkers te stimuleren en de prestaties van uw onderneming te verbeteren dankzij praktijkervaringen.\" \/>\n<meta name=\"robots\" content=\"index, follow, max-snippet:-1, max-image-preview:large, max-video-preview:-1\" \/>\n<link rel=\"canonical\" href=\"https:\/\/balencio.com\/nl\/het-engagement-van-medewerkers-stimuleren-concrete-hefbomen-en-praktijkervaringen\/\" \/>\n<meta property=\"og:locale\" content=\"nl_NL\" \/>\n<meta property=\"og:type\" content=\"article\" \/>\n<meta property=\"og:title\" content=\"Medewerkersbetrokkenheid : strategie\u00ebn en praktijkervaringen\" \/>\n<meta property=\"og:description\" content=\"Ontdek concrete hefbomen om de betrokkenheid van medewerkers te stimuleren en de prestaties van uw onderneming te verbeteren dankzij praktijkervaringen.\" \/>\n<meta property=\"og:url\" content=\"https:\/\/balencio.com\/nl\/het-engagement-van-medewerkers-stimuleren-concrete-hefbomen-en-praktijkervaringen\/\" \/>\n<meta property=\"og:site_name\" content=\"Balencio\" \/>\n<meta property=\"article:published_time\" content=\"2026-02-20T09:00:18+00:00\" \/>\n<meta property=\"article:modified_time\" content=\"2026-04-30T08:17:03+00:00\" \/>\n<meta property=\"og:image\" content=\"https:\/\/balencio.com\/wp-content\/uploads\/2026\/02\/engagement-des-collaborateurs-scaled.png\" \/>\n\t<meta property=\"og:image:width\" content=\"2560\" \/>\n\t<meta property=\"og:image:height\" content=\"1600\" \/>\n\t<meta property=\"og:image:type\" content=\"image\/png\" \/>\n<meta name=\"author\" content=\"Caroline Iweins\" \/>\n<meta name=\"twitter:card\" content=\"summary_large_image\" \/>\n<meta name=\"twitter:label1\" content=\"Geschreven door\" \/>\n\t<meta name=\"twitter:data1\" content=\"Caroline Iweins\" \/>\n\t<meta name=\"twitter:label2\" content=\"Geschatte leestijd\" \/>\n\t<meta name=\"twitter:data2\" content=\"6 minuten\" \/>\n<script type=\"application\/ld+json\" class=\"yoast-schema-graph\">{\"@context\":\"https:\\\/\\\/schema.org\",\"@graph\":[{\"@type\":\"Article\",\"@id\":\"https:\\\/\\\/balencio.com\\\/nl\\\/het-engagement-van-medewerkers-stimuleren-concrete-hefbomen-en-praktijkervaringen\\\/#article\",\"isPartOf\":{\"@id\":\"https:\\\/\\\/balencio.com\\\/nl\\\/het-engagement-van-medewerkers-stimuleren-concrete-hefbomen-en-praktijkervaringen\\\/\"},\"author\":{\"name\":\"Caroline Iweins\",\"@id\":\"https:\\\/\\\/balencio.com\\\/nl\\\/#\\\/schema\\\/person\\\/981e06c690bac44a04e96edefdf2e152\"},\"headline\":\"Het engagement van medewerkers stimuleren: concrete hefbomen en praktijkervaringen\",\"datePublished\":\"2026-02-20T09:00:18+00:00\",\"dateModified\":\"2026-04-30T08:17:03+00:00\",\"mainEntityOfPage\":{\"@id\":\"https:\\\/\\\/balencio.com\\\/nl\\\/het-engagement-van-medewerkers-stimuleren-concrete-hefbomen-en-praktijkervaringen\\\/\"},\"wordCount\":1252,\"publisher\":{\"@id\":\"https:\\\/\\\/balencio.com\\\/nl\\\/#organization\"},\"image\":{\"@id\":\"https:\\\/\\\/balencio.com\\\/nl\\\/het-engagement-van-medewerkers-stimuleren-concrete-hefbomen-en-praktijkervaringen\\\/#primaryimage\"},\"thumbnailUrl\":\"https:\\\/\\\/balencio.com\\\/wp-content\\\/uploads\\\/2026\\\/02\\\/engagement-des-collaborateurs-scaled.png\",\"keywords\":[\"Article\"],\"articleSection\":[\"Artikelen\"],\"inLanguage\":\"nl-NL\"},{\"@type\":\"WebPage\",\"@id\":\"https:\\\/\\\/balencio.com\\\/nl\\\/het-engagement-van-medewerkers-stimuleren-concrete-hefbomen-en-praktijkervaringen\\\/\",\"url\":\"https:\\\/\\\/balencio.com\\\/nl\\\/het-engagement-van-medewerkers-stimuleren-concrete-hefbomen-en-praktijkervaringen\\\/\",\"name\":\"Medewerkersbetrokkenheid : strategie\u00ebn en praktijkervaringen\",\"isPartOf\":{\"@id\":\"https:\\\/\\\/balencio.com\\\/nl\\\/#website\"},\"primaryImageOfPage\":{\"@id\":\"https:\\\/\\\/balencio.com\\\/nl\\\/het-engagement-van-medewerkers-stimuleren-concrete-hefbomen-en-praktijkervaringen\\\/#primaryimage\"},\"image\":{\"@id\":\"https:\\\/\\\/balencio.com\\\/nl\\\/het-engagement-van-medewerkers-stimuleren-concrete-hefbomen-en-praktijkervaringen\\\/#primaryimage\"},\"thumbnailUrl\":\"https:\\\/\\\/balencio.com\\\/wp-content\\\/uploads\\\/2026\\\/02\\\/engagement-des-collaborateurs-scaled.png\",\"datePublished\":\"2026-02-20T09:00:18+00:00\",\"dateModified\":\"2026-04-30T08:17:03+00:00\",\"description\":\"Ontdek concrete hefbomen om de betrokkenheid van medewerkers te stimuleren en de prestaties van uw onderneming te verbeteren dankzij praktijkervaringen.\",\"breadcrumb\":{\"@id\":\"https:\\\/\\\/balencio.com\\\/nl\\\/het-engagement-van-medewerkers-stimuleren-concrete-hefbomen-en-praktijkervaringen\\\/#breadcrumb\"},\"inLanguage\":\"nl-NL\",\"potentialAction\":[{\"@type\":\"ReadAction\",\"target\":[\"https:\\\/\\\/balencio.com\\\/nl\\\/het-engagement-van-medewerkers-stimuleren-concrete-hefbomen-en-praktijkervaringen\\\/\"]}]},{\"@type\":\"ImageObject\",\"inLanguage\":\"nl-NL\",\"@id\":\"https:\\\/\\\/balencio.com\\\/nl\\\/het-engagement-van-medewerkers-stimuleren-concrete-hefbomen-en-praktijkervaringen\\\/#primaryimage\",\"url\":\"https:\\\/\\\/balencio.com\\\/wp-content\\\/uploads\\\/2026\\\/02\\\/engagement-des-collaborateurs-scaled.png\",\"contentUrl\":\"https:\\\/\\\/balencio.com\\\/wp-content\\\/uploads\\\/2026\\\/02\\\/engagement-des-collaborateurs-scaled.png\",\"width\":2560,\"height\":1600,\"caption\":\"Illustration li\u00e9e au travail collectif, montrant trois personnages levant un drapeau sur un fond contenant des engrenages, une cible et une ic\u00f4ne de validation.\"},{\"@type\":\"BreadcrumbList\",\"@id\":\"https:\\\/\\\/balencio.com\\\/nl\\\/het-engagement-van-medewerkers-stimuleren-concrete-hefbomen-en-praktijkervaringen\\\/#breadcrumb\",\"itemListElement\":[{\"@type\":\"ListItem\",\"position\":1,\"name\":\"Home\",\"item\":\"https:\\\/\\\/balencio.com\\\/nl\\\/\"},{\"@type\":\"ListItem\",\"position\":2,\"name\":\"Het engagement van medewerkers stimuleren: concrete hefbomen en praktijkervaringen\"}]},{\"@type\":\"WebSite\",\"@id\":\"https:\\\/\\\/balencio.com\\\/nl\\\/#website\",\"url\":\"https:\\\/\\\/balencio.com\\\/nl\\\/\",\"name\":\"Balencio\",\"description\":\"Expert en gestion du capital humain\",\"publisher\":{\"@id\":\"https:\\\/\\\/balencio.com\\\/nl\\\/#organization\"},\"potentialAction\":[{\"@type\":\"SearchAction\",\"target\":{\"@type\":\"EntryPoint\",\"urlTemplate\":\"https:\\\/\\\/balencio.com\\\/nl\\\/?s={search_term_string}\"},\"query-input\":{\"@type\":\"PropertyValueSpecification\",\"valueRequired\":true,\"valueName\":\"search_term_string\"}}],\"inLanguage\":\"nl-NL\"},{\"@type\":\"Organization\",\"@id\":\"https:\\\/\\\/balencio.com\\\/nl\\\/#organization\",\"name\":\"Balencio\",\"url\":\"https:\\\/\\\/balencio.com\\\/nl\\\/\",\"logo\":{\"@type\":\"ImageObject\",\"inLanguage\":\"nl-NL\",\"@id\":\"https:\\\/\\\/balencio.com\\\/nl\\\/#\\\/schema\\\/logo\\\/image\\\/\",\"url\":\"https:\\\/\\\/balencio.com\\\/wp-content\\\/uploads\\\/2023\\\/06\\\/logo.svg\",\"contentUrl\":\"https:\\\/\\\/balencio.com\\\/wp-content\\\/uploads\\\/2023\\\/06\\\/logo.svg\",\"width\":\"1024\",\"height\":\"1024\",\"caption\":\"Balencio\"},\"image\":{\"@id\":\"https:\\\/\\\/balencio.com\\\/nl\\\/#\\\/schema\\\/logo\\\/image\\\/\"},\"sameAs\":[\"https:\\\/\\\/be.linkedin.com\\\/company\\\/balencio\"]},{\"@type\":\"Person\",\"@id\":\"https:\\\/\\\/balencio.com\\\/nl\\\/#\\\/schema\\\/person\\\/981e06c690bac44a04e96edefdf2e152\",\"name\":\"Caroline Iweins\",\"image\":{\"@type\":\"ImageObject\",\"inLanguage\":\"nl-NL\",\"@id\":\"https:\\\/\\\/secure.gravatar.com\\\/avatar\\\/c44293183b2151a3fca831cda0ad29ac55754736b1aab68d1c67822cb3f8e005?s=96&d=mm&r=g\",\"url\":\"https:\\\/\\\/secure.gravatar.com\\\/avatar\\\/c44293183b2151a3fca831cda0ad29ac55754736b1aab68d1c67822cb3f8e005?s=96&d=mm&r=g\",\"contentUrl\":\"https:\\\/\\\/secure.gravatar.com\\\/avatar\\\/c44293183b2151a3fca831cda0ad29ac55754736b1aab68d1c67822cb3f8e005?s=96&d=mm&r=g\",\"caption\":\"Caroline Iweins\"},\"description\":\"Caroline Iweins est Docteure en psychologie du travail et charg\u00e9e de cours invit\u00e9e \u00e0 l\u2019UCLouvain, o\u00f9 elle enseigne la gestion des risques psychosociaux. Elle est \u00e9galement Responsable Recherche &amp; D\u00e9veloppement chez Balencio, o\u00f9 elle met son expertise scientifique au service de la conception d\u2019outils innovants d\u00e9di\u00e9s \u00e0 la mesure et \u00e0 la pr\u00e9vention du bien-\u00eatre au travail. Ses travaux portent sur la pr\u00e9vention du stress professionnel, la d\u00e9tection du burnout et l\u2019am\u00e9lioration du climat organisationnel. Passionn\u00e9e par le lien entre science et pratique, elle \u0153uvre \u00e0 rapprocher la recherche acad\u00e9mique des r\u00e9alit\u00e9s du terrain pour aider les entreprises \u00e0 d\u00e9velopper des environnements de travail sains, durables et performants. Caroline Iweins est \u00e9galement auteure de l\u2019ouvrage \u201cD\u00e9tecter et pr\u00e9venir le burnout\u201d, publi\u00e9 aux \u00c9ditions Mardaga, dans lequel elle partage des cl\u00e9s scientifiques et pratiques pour comprendre, rep\u00e9rer et agir face au burnout.\",\"url\":\"https:\\\/\\\/balencio.com\\\/nl\\\/author\\\/marketing\\\/\"}]}<\/script>\n<!-- \/ Yoast SEO plugin. -->","yoast_head_json":{"title":"Medewerkersbetrokkenheid : strategie\u00ebn en praktijkervaringen","description":"Ontdek concrete hefbomen om de betrokkenheid van medewerkers te stimuleren en de prestaties van uw onderneming te verbeteren dankzij praktijkervaringen.","robots":{"index":"index","follow":"follow","max-snippet":"max-snippet:-1","max-image-preview":"max-image-preview:large","max-video-preview":"max-video-preview:-1"},"canonical":"https:\/\/balencio.com\/nl\/het-engagement-van-medewerkers-stimuleren-concrete-hefbomen-en-praktijkervaringen\/","og_locale":"nl_NL","og_type":"article","og_title":"Medewerkersbetrokkenheid : strategie\u00ebn en praktijkervaringen","og_description":"Ontdek concrete hefbomen om de betrokkenheid van medewerkers te stimuleren en de prestaties van uw onderneming te verbeteren dankzij praktijkervaringen.","og_url":"https:\/\/balencio.com\/nl\/het-engagement-van-medewerkers-stimuleren-concrete-hefbomen-en-praktijkervaringen\/","og_site_name":"Balencio","article_published_time":"2026-02-20T09:00:18+00:00","article_modified_time":"2026-04-30T08:17:03+00:00","og_image":[{"width":2560,"height":1600,"url":"https:\/\/balencio.com\/wp-content\/uploads\/2026\/02\/engagement-des-collaborateurs-scaled.png","type":"image\/png"}],"author":"Caroline Iweins","twitter_card":"summary_large_image","twitter_misc":{"Geschreven door":"Caroline Iweins","Geschatte leestijd":"6 minuten"},"schema":{"@context":"https:\/\/schema.org","@graph":[{"@type":"Article","@id":"https:\/\/balencio.com\/nl\/het-engagement-van-medewerkers-stimuleren-concrete-hefbomen-en-praktijkervaringen\/#article","isPartOf":{"@id":"https:\/\/balencio.com\/nl\/het-engagement-van-medewerkers-stimuleren-concrete-hefbomen-en-praktijkervaringen\/"},"author":{"name":"Caroline Iweins","@id":"https:\/\/balencio.com\/nl\/#\/schema\/person\/981e06c690bac44a04e96edefdf2e152"},"headline":"Het engagement van medewerkers stimuleren: concrete hefbomen en praktijkervaringen","datePublished":"2026-02-20T09:00:18+00:00","dateModified":"2026-04-30T08:17:03+00:00","mainEntityOfPage":{"@id":"https:\/\/balencio.com\/nl\/het-engagement-van-medewerkers-stimuleren-concrete-hefbomen-en-praktijkervaringen\/"},"wordCount":1252,"publisher":{"@id":"https:\/\/balencio.com\/nl\/#organization"},"image":{"@id":"https:\/\/balencio.com\/nl\/het-engagement-van-medewerkers-stimuleren-concrete-hefbomen-en-praktijkervaringen\/#primaryimage"},"thumbnailUrl":"https:\/\/balencio.com\/wp-content\/uploads\/2026\/02\/engagement-des-collaborateurs-scaled.png","keywords":["Article"],"articleSection":["Artikelen"],"inLanguage":"nl-NL"},{"@type":"WebPage","@id":"https:\/\/balencio.com\/nl\/het-engagement-van-medewerkers-stimuleren-concrete-hefbomen-en-praktijkervaringen\/","url":"https:\/\/balencio.com\/nl\/het-engagement-van-medewerkers-stimuleren-concrete-hefbomen-en-praktijkervaringen\/","name":"Medewerkersbetrokkenheid : strategie\u00ebn en praktijkervaringen","isPartOf":{"@id":"https:\/\/balencio.com\/nl\/#website"},"primaryImageOfPage":{"@id":"https:\/\/balencio.com\/nl\/het-engagement-van-medewerkers-stimuleren-concrete-hefbomen-en-praktijkervaringen\/#primaryimage"},"image":{"@id":"https:\/\/balencio.com\/nl\/het-engagement-van-medewerkers-stimuleren-concrete-hefbomen-en-praktijkervaringen\/#primaryimage"},"thumbnailUrl":"https:\/\/balencio.com\/wp-content\/uploads\/2026\/02\/engagement-des-collaborateurs-scaled.png","datePublished":"2026-02-20T09:00:18+00:00","dateModified":"2026-04-30T08:17:03+00:00","description":"Ontdek concrete hefbomen om de betrokkenheid van medewerkers te stimuleren en de prestaties van uw onderneming te verbeteren dankzij praktijkervaringen.","breadcrumb":{"@id":"https:\/\/balencio.com\/nl\/het-engagement-van-medewerkers-stimuleren-concrete-hefbomen-en-praktijkervaringen\/#breadcrumb"},"inLanguage":"nl-NL","potentialAction":[{"@type":"ReadAction","target":["https:\/\/balencio.com\/nl\/het-engagement-van-medewerkers-stimuleren-concrete-hefbomen-en-praktijkervaringen\/"]}]},{"@type":"ImageObject","inLanguage":"nl-NL","@id":"https:\/\/balencio.com\/nl\/het-engagement-van-medewerkers-stimuleren-concrete-hefbomen-en-praktijkervaringen\/#primaryimage","url":"https:\/\/balencio.com\/wp-content\/uploads\/2026\/02\/engagement-des-collaborateurs-scaled.png","contentUrl":"https:\/\/balencio.com\/wp-content\/uploads\/2026\/02\/engagement-des-collaborateurs-scaled.png","width":2560,"height":1600,"caption":"Illustration li\u00e9e au travail collectif, montrant trois personnages levant un drapeau sur un fond contenant des engrenages, une cible et une ic\u00f4ne de validation."},{"@type":"BreadcrumbList","@id":"https:\/\/balencio.com\/nl\/het-engagement-van-medewerkers-stimuleren-concrete-hefbomen-en-praktijkervaringen\/#breadcrumb","itemListElement":[{"@type":"ListItem","position":1,"name":"Home","item":"https:\/\/balencio.com\/nl\/"},{"@type":"ListItem","position":2,"name":"Het engagement van medewerkers stimuleren: concrete hefbomen en praktijkervaringen"}]},{"@type":"WebSite","@id":"https:\/\/balencio.com\/nl\/#website","url":"https:\/\/balencio.com\/nl\/","name":"Balencio","description":"Expert en gestion du capital humain","publisher":{"@id":"https:\/\/balencio.com\/nl\/#organization"},"potentialAction":[{"@type":"SearchAction","target":{"@type":"EntryPoint","urlTemplate":"https:\/\/balencio.com\/nl\/?s={search_term_string}"},"query-input":{"@type":"PropertyValueSpecification","valueRequired":true,"valueName":"search_term_string"}}],"inLanguage":"nl-NL"},{"@type":"Organization","@id":"https:\/\/balencio.com\/nl\/#organization","name":"Balencio","url":"https:\/\/balencio.com\/nl\/","logo":{"@type":"ImageObject","inLanguage":"nl-NL","@id":"https:\/\/balencio.com\/nl\/#\/schema\/logo\/image\/","url":"https:\/\/balencio.com\/wp-content\/uploads\/2023\/06\/logo.svg","contentUrl":"https:\/\/balencio.com\/wp-content\/uploads\/2023\/06\/logo.svg","width":"1024","height":"1024","caption":"Balencio"},"image":{"@id":"https:\/\/balencio.com\/nl\/#\/schema\/logo\/image\/"},"sameAs":["https:\/\/be.linkedin.com\/company\/balencio"]},{"@type":"Person","@id":"https:\/\/balencio.com\/nl\/#\/schema\/person\/981e06c690bac44a04e96edefdf2e152","name":"Caroline Iweins","image":{"@type":"ImageObject","inLanguage":"nl-NL","@id":"https:\/\/secure.gravatar.com\/avatar\/c44293183b2151a3fca831cda0ad29ac55754736b1aab68d1c67822cb3f8e005?s=96&d=mm&r=g","url":"https:\/\/secure.gravatar.com\/avatar\/c44293183b2151a3fca831cda0ad29ac55754736b1aab68d1c67822cb3f8e005?s=96&d=mm&r=g","contentUrl":"https:\/\/secure.gravatar.com\/avatar\/c44293183b2151a3fca831cda0ad29ac55754736b1aab68d1c67822cb3f8e005?s=96&d=mm&r=g","caption":"Caroline Iweins"},"description":"Caroline Iweins est Docteure en psychologie du travail et charg\u00e9e de cours invit\u00e9e \u00e0 l\u2019UCLouvain, o\u00f9 elle enseigne la gestion des risques psychosociaux. Elle est \u00e9galement Responsable Recherche &amp; D\u00e9veloppement chez Balencio, o\u00f9 elle met son expertise scientifique au service de la conception d\u2019outils innovants d\u00e9di\u00e9s \u00e0 la mesure et \u00e0 la pr\u00e9vention du bien-\u00eatre au travail. Ses travaux portent sur la pr\u00e9vention du stress professionnel, la d\u00e9tection du burnout et l\u2019am\u00e9lioration du climat organisationnel. Passionn\u00e9e par le lien entre science et pratique, elle \u0153uvre \u00e0 rapprocher la recherche acad\u00e9mique des r\u00e9alit\u00e9s du terrain pour aider les entreprises \u00e0 d\u00e9velopper des environnements de travail sains, durables et performants. Caroline Iweins est \u00e9galement auteure de l\u2019ouvrage \u201cD\u00e9tecter et pr\u00e9venir le burnout\u201d, publi\u00e9 aux \u00c9ditions Mardaga, dans lequel elle partage des cl\u00e9s scientifiques et pratiques pour comprendre, rep\u00e9rer et agir face au burnout.","url":"https:\/\/balencio.com\/nl\/author\/marketing\/"}]}},"_links":{"self":[{"href":"https:\/\/balencio.com\/nl\/wp-json\/wp\/v2\/posts\/8779","targetHints":{"allow":["GET"]}}],"collection":[{"href":"https:\/\/balencio.com\/nl\/wp-json\/wp\/v2\/posts"}],"about":[{"href":"https:\/\/balencio.com\/nl\/wp-json\/wp\/v2\/types\/post"}],"author":[{"embeddable":true,"href":"https:\/\/balencio.com\/nl\/wp-json\/wp\/v2\/users\/4"}],"replies":[{"embeddable":true,"href":"https:\/\/balencio.com\/nl\/wp-json\/wp\/v2\/comments?post=8779"}],"version-history":[{"count":2,"href":"https:\/\/balencio.com\/nl\/wp-json\/wp\/v2\/posts\/8779\/revisions"}],"predecessor-version":[{"id":8781,"href":"https:\/\/balencio.com\/nl\/wp-json\/wp\/v2\/posts\/8779\/revisions\/8781"}],"wp:featuredmedia":[{"embeddable":true,"href":"https:\/\/balencio.com\/nl\/wp-json\/wp\/v2\/media\/7480"}],"wp:attachment":[{"href":"https:\/\/balencio.com\/nl\/wp-json\/wp\/v2\/media?parent=8779"}],"wp:term":[{"taxonomy":"category","embeddable":true,"href":"https:\/\/balencio.com\/nl\/wp-json\/wp\/v2\/categories?post=8779"},{"taxonomy":"post_tag","embeddable":true,"href":"https:\/\/balencio.com\/nl\/wp-json\/wp\/v2\/tags?post=8779"}],"curies":[{"name":"wp","href":"https:\/\/api.w.org\/{rel}","templated":true}]}}