{"id":8773,"date":"2026-02-25T10:00:00","date_gmt":"2026-02-25T09:00:00","guid":{"rendered":"https:\/\/balencio.com\/klant-action-logement\/"},"modified":"2026-04-29T16:24:46","modified_gmt":"2026-04-29T14:24:46","slug":"klant-action-logement","status":"publish","type":"post","link":"https:\/\/balencio.com\/nl\/klant-action-logement\/","title":{"rendered":"Klant &#8211; Action Logement"},"content":{"rendered":"\n<div class=\"wp-block-grimlock-wrapper alignfull  wp-block-grimlock-wrapper--inner-narrower\" style=\"--grimlock-wrapper-background-color:#F8F9FA;--grimlock-wrapper-margin-bottom:0rem;--grimlock-wrapper-padding-top:2rem;--grimlock-wrapper-border-top:0 solid #00000000;--grimlock-wrapper-border-bottom:0 solid #00000000;--grimlock-wrapper-border-left:0 solid #00000000;--grimlock-wrapper-border-right:0 solid #00000000\"><div class=\"wp-block-grimlock-wrapper__bg\"><\/div><div class=\"wp-block-grimlock-wrapper__bg-overlay\"><\/div><div class=\"wp-block-grimlock-wrapper__inner\"><div style=\"font-style:normal;font-weight:500;text-transform:uppercase\" class=\"taxonomy-category has-text-align-center wp-block-post-terms has-text-color has-black-color has-text-bigger-font-size\"><a href=\"https:\/\/balencio.com\/nl\/klanten\/\" rel=\"tag\">Klanten<\/a><\/div>\n\n\n<div style=\"height:1rem\" aria-hidden=\"true\" class=\"wp-block-spacer\"><\/div>\n\n\n<h1 class=\"has-text-align-center wp-block-post-title\">Klant &#8211; Action Logement<\/h1>\n\n\n<div style=\"height:5rem\" aria-hidden=\"true\" class=\"wp-block-spacer\"><\/div>\n\n\n\t\t\t<div  class=\" wp-block-grimlock-divider alignfull grimlock-divider grimlock-divider--flip-shape-horizontally grimlock-divider--align-icon-center-center\" style=\"--grimlock-divider-shape-color:#F8F9FA;--grimlock-divider-icon-color:#000000;--grimlock-divider-background-color:#fefefe;--grimlock-divider-icon-size:20px;--grimlock-divider-height:100px;--grimlock-divider-margin-top:0px;--grimlock-divider-margin-bottom:0px;z-index:0;\"  >\n\t\t\t\t\n\t\t\t<div class=\"grimlock-divider__icon\">\n\n\t\t\t\t<svg width=\"40\" height=\"40\" xmlns=\"http:\/\/www.w3.org\/2000\/svg\" viewBox=\"0 0 40 40\"><\/svg>\n\n\t\t\t<\/div>\n\n\t\t\t\t\t\t\n\t\t\t<div class=\"grimlock-divider__shape\">\n\t\t\t\t<svg viewBox=\"0 0 1600 200\" xmlns=\"http:\/\/www.w3.org\/2000\/svg\" preserveAspectRatio=\"none\" class=\"grimlock-divider-svg grimlock-divider-svg--curve\" aria-hidden=\"true\"><path d=\"M1610 177.3C1423 122.9 1133.3 88 808 88c-334.7 0-631.8 37-818 94.1v28h1620v-32.8z\"><\/path><\/svg>\n\t\t\t<\/div>\n\n\t\t\t\t\t<\/div>\n\t\t<\/div><\/div>\n\n<div class=\"wp-block-columns is-not-stacked-on-mobile grimlock-columns-mobile-1 is-layout-flex wp-container-core-columns-is-layout-9d6595d7 wp-block-columns-is-layout-flex\">\n<div class=\"wp-block-column is-layout-flow wp-block-column-is-layout-flow\" style=\"flex-basis:30%\"><\/div>\n\n\n\n<div class=\"wp-block-column is-layout-flow wp-block-column-is-layout-flow\" style=\"flex-basis:40%\">\n<div class=\"wp-block-grimlock-wrapper  wp-block-grimlock-wrapper--inner-full box--shadowed angled--left text-center\" style=\"--grimlock-wrapper-background-color:#ffffff;--grimlock-wrapper-margin-top:-150px;--grimlock-wrapper-padding-top:1.5rem;--grimlock-wrapper-padding-right:1.5rem;--grimlock-wrapper-padding-bottom:1.5rem;--grimlock-wrapper-padding-left:1.5rem;--grimlock-wrapper-border-top:1px solid #EAECEF;--grimlock-wrapper-border-bottom:1px solid #EAECEF;--grimlock-wrapper-border-left:1px solid #EAECEF;--grimlock-wrapper-border-right:1px solid #EAECEF;--grimlock-wrapper-border-top-left-radius:8px;--grimlock-wrapper-border-top-right-radius:8px;--grimlock-wrapper-border-bottom-left-radius:8px;--grimlock-wrapper-border-bottom-right-radius:8px\"><div class=\"wp-block-grimlock-wrapper__bg\"><\/div><div class=\"wp-block-grimlock-wrapper__bg-overlay\"><\/div><div class=\"wp-block-grimlock-wrapper__inner\">\t\t<div class=\"company-logo\">\n\t\t\t<img decoding=\"async\" width=\"760\" height=\"300\" src=\"https:\/\/balencio.com\/wp-content\/uploads\/2026\/02\/action-logement-logo-3.png\" class=\"m-0\" alt=\"Logo Action Logement\" srcset=\"https:\/\/balencio.com\/wp-content\/uploads\/2026\/02\/action-logement-logo-3.png 760w, https:\/\/balencio.com\/wp-content\/uploads\/2026\/02\/action-logement-logo-3-300x118.png 300w\" sizes=\"(max-width: 760px) 100vw, 760px\" \/>\t\t<\/div>\n\t\t\n<\/div><\/div>\n<\/div>\n\n\n\n<div class=\"wp-block-column is-layout-flow wp-block-column-is-layout-flow\" style=\"flex-basis:30%\"><\/div>\n<\/div>\n\n<div style=\"height:2rem\" aria-hidden=\"true\" class=\"wp-block-spacer\"><\/div>\n\n<div class=\"wp-block-grimlock-wrapper alignfull  wp-block-grimlock-wrapper--inner-narrow\" style=\"--grimlock-wrapper-padding-bottom:6rem;--grimlock-wrapper-border-top:0 solid #00000000;--grimlock-wrapper-border-bottom:0 solid #00000000;--grimlock-wrapper-border-left:0 solid #00000000;--grimlock-wrapper-border-right:0 solid #00000000;--grimlock-wrapper-overflow:visible\"><div class=\"wp-block-grimlock-wrapper__bg\"><\/div><div class=\"wp-block-grimlock-wrapper__bg-overlay\"><\/div><div class=\"wp-block-grimlock-wrapper__inner\">\n<div class=\"wp-block-group has-balencio-grey-600-color has-text-color has-text-smaller-font-size is-content-justification-center is-nowrap is-layout-flex wp-container-core-group-is-layout-80041ad0 wp-block-group-is-layout-flex\">\n<div class=\"wp-block-group\"><div class=\"wp-block-group__inner-container is-layout-constrained wp-block-group-is-layout-constrained\">\n<p>Post\u00e9 le<\/p>\n<\/div><\/div>\n\n\n<div class=\"has-text-align-left wp-block-post-date\"><time datetime=\"2026-02-25T10:00:00+01:00\">25 februari 2026<\/time><\/div><\/div>\n\n\n\n<div style=\"height:32px\" aria-hidden=\"true\" class=\"wp-block-spacer wp-embed-aspect-16-9 wp-has-aspect-ratio\"><\/div>\n\n\n<h1 class=\"wp-block-heading has-text-align-center\" id=\"data-laten-spreken-om-op-het-terrein-actie-te-ondernemen-hoe-action-logement-zijn-qvctaanpak-heeft-geprofessionaliseerd-dankzij-balencio\">\u201cData laten spreken om op het terrein actie te ondernemen\u201d : hoe Action Logement zijn QVCT-aanpak heeft geprofessionaliseerd dankzij Balencio<\/h1>\n\n\n<div style=\"height:9px\" aria-hidden=\"true\" class=\"wp-block-spacer wp-embed-aspect-16-9 wp-has-aspect-ratio\"><\/div>\n\n\n\n<p class=\"has-text-align-center wp-embed-aspect-16-9 wp-has-aspect-ratio has-balencio-blue-500-color has-text-color\" style=\"font-style:normal;font-weight:500\"><span class=\"span-reading-time rt-reading-time\"><span class=\"rt-label rt-prefix\"><\/span> <span class=\"rt-time\"> 3<\/span> <span class=\"rt-label rt-postfix\"><\/span><\/span> minuten leestijd<\/p>\n\n\n\n<div style=\"height:1rem\" aria-hidden=\"true\" class=\"wp-block-spacer wp-embed-aspect-16-9 wp-has-aspect-ratio\"><\/div>\n\n\n<figure style=\"width:100%;\" class=\"wp-embed-aspect-16-9 wp-has-aspect-ratio wp-block-post-featured-image\"><img decoding=\"async\" width=\"2560\" height=\"1307\" src=\"https:\/\/balencio.com\/wp-content\/uploads\/2026\/02\/action_logement-scaled.png\" class=\"attachment-full size-full wp-post-image\" alt=\"Bureau Groupe Action Logement\" style=\"object-fit:cover;\" srcset=\"https:\/\/balencio.com\/wp-content\/uploads\/2026\/02\/action_logement-scaled.png 2560w, https:\/\/balencio.com\/wp-content\/uploads\/2026\/02\/action_logement-300x153.png 300w, https:\/\/balencio.com\/wp-content\/uploads\/2026\/02\/action_logement-1024x523.png 1024w, https:\/\/balencio.com\/wp-content\/uploads\/2026\/02\/action_logement-768x392.png 768w, https:\/\/balencio.com\/wp-content\/uploads\/2026\/02\/action_logement-1536x784.png 1536w, https:\/\/balencio.com\/wp-content\/uploads\/2026\/02\/action_logement-2048x1045.png 2048w, https:\/\/balencio.com\/wp-content\/uploads\/2026\/02\/action_logement-1850x944.png 1850w\" sizes=\"(max-width: 2560px) 100vw, 2560px\" \/><\/figure>\n\n\n\n\n<div style=\"height:23px\" aria-hidden=\"true\" class=\"wp-block-spacer wp-embed-aspect-16-9 wp-has-aspect-ratio\"><\/div>\n\n\n\n<div class=\"wp-block-columns wp-embed-aspect-16-9 wp-has-aspect-ratio grimlock-columns-mobile--inverted is-layout-flex wp-container-core-columns-is-layout-9d6595d7 wp-block-columns-is-layout-flex\">\n<div class=\"wp-block-column is-layout-flow wp-block-column-is-layout-flow\" style=\"flex-basis:75%\">\n<p>Interview met Ibtissam Boujaid, projectverantwoordelijke QVCT bij Action Logement<\/p>\n\n\n<h2 class=\"wp-block-heading\" id=\"wie-is-action-logement\">Wie is Action Logement ?<\/h2>\n\n\n<p>Action Logement is een belangrijke speler in het huisvestingsbeleid in Frankrijk. Zijn missie is om de toegang tot huisvesting voor werknemers te vergemakkelijken door een dienstenaanbod aan te bieden dat is afgestemd op ieders behoeften, en de woon- en beroepsmobiliteit van werknemers te bevorderen ten voordele van de werkgelegenheid. De interventies gebeuren in de vorm van leningen, subsidies en toewijzing van huurwoningen. De centrale opdracht van Action Logement Services is het versterken van de link tussen werk en huisvesting.   <\/p>\n\n\n\n<p>Aanwezig op het hele Franse grondgebied telt Action Logement ongeveer 3.000 medewerkers verspreid over 127 locaties en 13 regio\u2019s.<\/p>\n\n\n\n<p>Binnen deze grootschalige organisatie zijn de HR-uitdagingen talrijk: preventie van psychosociale risico\u2019s, inclusie, handicap, diversiteit, kwaliteit van leven op het werk\u2026 stuk voor stuk thema\u2019s die dagelijks worden gedragen en aangestuurd door de QVCT-directie.<\/p>\n\n\n\n<p><em>\u201cOns doel was duidelijk: onze interne barometer uitbesteden om de deelname van medewerkers te versterken, transparantie te garanderen en concrete acties te kunnen uitwerken met onze QVT- en CSSCT-commissies.\u201d<\/em> \u2013 Ibtissam Boujaid<\/p>\n\n\n\n<div style=\"height:30px\" aria-hidden=\"true\" class=\"wp-block-spacer\"><\/div>\n\n\n<h2 class=\"wp-block-heading\" id=\"waarom-van-tool-veranderen\">Waarom van tool veranderen ?<\/h2>\n\n\n<p>Door te externaliseren wilden we een platform hebben waarop we de resultaten en vergelijkingen konden analyseren en het participatiepercentage konden verhogen.<\/p>\n\n\n\n<p>In overleg met de sociale partners is er een consensus ontstaan : om de geloofwaardigheid van de aanpak te versterken, moest er een beroep worden gedaan op een externe dienstverlener om toegang te krijgen tot een resultatenplatform. Balencio kwam naar voren als de meest geschikte oplossing. <\/p>\n\n\n\n<p><em>\u201cIk heb 16 aanbieders ontmoet\u2026 en uiteindelijk heeft Balencio gewonnen! Balencio overtuigde ons door de rijkdom van zijn platform, zijn ergonomische aanpak, zijn menselijke begeleiding en zijn uitstekende prijs-kwaliteitverhouding.\u201d<\/em><\/p>\n\n\n\n<p><\/p>\n\n\n\n<div style=\"height:30px\" aria-hidden=\"true\" class=\"wp-block-spacer\"><\/div>\n\n\n<h2 class=\"wp-block-heading\" id=\"een-vlotte-implementatie\">Een vlotte implementatie<\/h2>\n\n\n<p>Vanaf de eerste stappen van de uitrol was het team van Action Logement onder de indruk van de reactietijd en de aanpassingsvermogen van de teams van Balencio.<\/p>\n\n\n\n<p><em>\u201cElke vraag werd zeer snel opgelost. Het is zeldzaam om een dienstverlener te ontmoeten die zo beschikbaar is. Het team wist te luisteren, was duidelijk en effici\u00ebnt: echt een partner in plaats van een leverancier.\u201d<\/em><\/p>\n\n\n\n<div style=\"height:30px\" aria-hidden=\"true\" class=\"wp-block-spacer\"><\/div>\n\n\n<h2 class=\"wp-block-heading\" id=\"een-platform-ontworpen-voor-grote-organisaties-met-meerdere-vestigingen\">Een platform ontworpen voor grote organisaties met meerdere vestigingen<\/h2>\n\n\n<p>Met zijn vele locaties verspreid over het hele grondgebied had Action Logement een tool nodig die de dynamieken per beroep en per regio kon vergelijken. Een functie die als essentieel werd beschouwd om rekening te houden met lokale specifieke kenmerken en perceptieverschillen objectief in kaart te brengen. <\/p>\n\n\n\n<p><em>\u201cBalencio stelt ons in staat om gegevens te kruisen per regio en per beroep\u2026 Dat is voor ons essentieel. Bovendien is het platform ergonomisch, intu\u00eftief, en zijn de rapporten duidelijk, visueel en gemakkelijk bruikbaar.\u201d<\/em><\/p>\n\n\n\n<p>Een ander benadrukt sterk punt zijn de automatische actie-aanbevelingen, die helpen om de reflectie te voeden en kostbare tijd te besparen bij het opstellen van actieplannen.<\/p>\n\n\n\n<div style=\"height:30px\" aria-hidden=\"true\" class=\"wp-block-spacer\"><\/div>\n\n\n<h2 class=\"wp-block-heading\" id=\"zichtbare-resultaten-vanaf-de-eerste-editie\">Zichtbare resultaten vanaf de eerste editie<\/h2>\n\n\n<p>De eerste winst was onmiddellijk : de participatiegraad is sterk gestegen.<\/p>\n\n\n\n<div style=\"height:30px\" aria-hidden=\"true\" class=\"wp-block-spacer\"><\/div>\n\n\n<h2 class=\"wp-block-heading\" id=\"van-data-naar-gezamenlijk-uitgewerkte-actieplannen\">Van data naar gezamenlijk uitgewerkte actieplannen<\/h2>\n\n\n<p>Na analyse van de resultaten door de QVCT-directie samen met de secretarissen van de QVT- en CSSCT-commissies werd een globaal actieplan gezamenlijk opgesteld. De uitrol ervan is gepland voor de komende maanden. <\/p>\n\n\n\n<div style=\"height:30px\" aria-hidden=\"true\" class=\"wp-block-spacer\"><\/div>\n\n\n<h2 class=\"wp-block-heading\" id=\"transparante-communicatie-om-medewerkers-te-betrekken\">Transparante communicatie om medewerkers te betrekken<\/h2>\n\n\n<p>Om gevolg te geven aan de enqu\u00eate heeft Action Logement aan Balencio gevraagd om een synthetische infographic te maken voor de medewerkers, om hen de belangrijkste inzichten en de geplande vervolgstappen voor te stellen.<\/p>\n\n\n\n<p><em>\u201cZichtbaarheid geven op het vervolg en op het actieplan is belangrijk om vertrouwen en betrokkenheid te behouden.\u201d<\/em><\/p>\n\n\n\n<div style=\"height:30px\" aria-hidden=\"true\" class=\"wp-block-spacer\"><\/div>\n\n\n<h2 class=\"wp-block-heading\" id=\"waarom-balencio-aanbevelen\">Waarom Balencio aanbevelen ?<\/h2>\n\n\n<p>Volgens Ibtissam Boujaid onderscheiden verschillende elementen Balencio :<br\/>&#8211; Een ergonomisch en toegankelijk platform, zelfs voor niet-experts in data<br\/>&#8211; Visueel duidelijke rapporten die aanpasbaar zijn per doelgroep (managers, HR, directie\u2026)<br\/>&#8211; Een rijk aan functionaliteiten: fijne segmentatie, actiemodule, benchmarks, aanbevelingen\u2026<br\/>&#8211; Een hoogwaardige menselijke begeleiding<\/p>\n\n\n\n<div style=\"height:30px\" aria-hidden=\"true\" class=\"wp-block-spacer\"><\/div>\n\n\n\n<div style=\"height:0px\" aria-hidden=\"true\" class=\"wp-block-spacer\"><\/div>\n\n\n\n<div class=\"wp-block-columns is-layout-flex wp-container-core-columns-is-layout-9d6595d7 wp-block-columns-is-layout-flex\">\n<div class=\"wp-block-column is-layout-flow wp-block-column-is-layout-flow\">\n<div style=\"height:0px\" aria-hidden=\"true\" class=\"wp-block-spacer\"><\/div>\n<\/div>\n<\/div>\n\n\n\n<div style=\"height:14px\" aria-hidden=\"true\" class=\"wp-block-spacer\"><\/div>\n\n\n\n<div class=\"wp-block-grimlock-wrapper  wp-block-grimlock-wrapper--inner-full balencio-testimonial box--shadowed\" style=\"--grimlock-wrapper-background-color:#ffffff;--grimlock-wrapper-padding-top:1.75rem;--grimlock-wrapper-padding-right:2.75rem;--grimlock-wrapper-padding-bottom:1.75rem;--grimlock-wrapper-padding-left:2.75rem;--grimlock-wrapper-border-top:1px solid #EAECEF;--grimlock-wrapper-border-bottom:1px solid #EAECEF;--grimlock-wrapper-border-left:1px solid #EAECEF;--grimlock-wrapper-border-right:1px solid #EAECEF;--grimlock-wrapper-border-top-left-radius:27px;--grimlock-wrapper-border-top-right-radius:0px;--grimlock-wrapper-border-bottom-left-radius:27px;--grimlock-wrapper-border-bottom-right-radius:27px;--grimlock-wrapper-overflow:visible\"><div class=\"wp-block-grimlock-wrapper__bg\"><\/div><div class=\"wp-block-grimlock-wrapper__bg-overlay\"><\/div><div class=\"wp-block-grimlock-wrapper__inner\">\n<div class=\"wp-block-columns are-vertically-aligned-center is-layout-flex wp-container-core-columns-is-layout-9d6595d7 wp-block-columns-is-layout-flex\">\n<div class=\"wp-block-column is-vertically-aligned-center is-layout-flow wp-block-column-is-layout-flow\" style=\"flex-basis:25%\">\n<figure class=\"wp-block-image size-full is-style-rounded\"><img decoding=\"async\" width=\"2560\" height=\"2174\" src=\"https:\/\/balencio.com\/wp-content\/uploads\/2026\/02\/Audrey-scaled.png\" alt=\"Audrey Herbay\" class=\"wp-image-7053\" srcset=\"https:\/\/balencio.com\/wp-content\/uploads\/2026\/02\/Audrey-scaled.png 2560w, https:\/\/balencio.com\/wp-content\/uploads\/2026\/02\/Audrey-300x255.png 300w, https:\/\/balencio.com\/wp-content\/uploads\/2026\/02\/Audrey-1024x869.png 1024w, https:\/\/balencio.com\/wp-content\/uploads\/2026\/02\/Audrey-768x652.png 768w, https:\/\/balencio.com\/wp-content\/uploads\/2026\/02\/Audrey-1536x1304.png 1536w, https:\/\/balencio.com\/wp-content\/uploads\/2026\/02\/Audrey-2048x1739.png 2048w, https:\/\/balencio.com\/wp-content\/uploads\/2026\/02\/Audrey-1850x1571.png 1850w\" sizes=\"(max-width: 2560px) 100vw, 2560px\" \/><\/figure>\n\n\n\n<p class=\"has-text-align-center has-text-smaller-font-size\"><strong>Audrey HERBAY<\/strong><\/p>\n\n\n\n<p class=\"has-text-align-center has-balencio-grey-700-color has-text-color has-text-smaller-font-size\">Directeur QVCT<\/p>\n<\/div>\n\n\n\n<div class=\"wp-block-column is-vertically-aligned-center is-layout-flow wp-block-column-is-layout-flow\" style=\"flex-basis:75%\">\n<p class=\"has-balencio-blue-400-color has-text-color has-text-bigger-font-size\"><strong>\u00ab Je recommande Balencio \u00e0 toute entreprise qui souhaite monitorer sa d\u00e9marche QVCT de mani\u00e8re structur\u00e9e et professionnelle, en particulier \u00e0 celles disposant de plusieurs sites ou d\u2019\u00e9quipes RH non expertes en statistiques. \u00bb<\/strong><\/p>\n<\/div>\n<\/div>\n<\/div><\/div>\n\n\n\n<div style=\"height:60px\" aria-hidden=\"true\" class=\"wp-block-spacer\"><\/div>\n\n\n<h4 class=\"wp-block-heading has-text-align-center\" id=\"wilt-u-uw-qvtbarometer-professionaliseren-het-vertrouwen-van-medewerkers-versterken-en-uw-data-omzetten-in-concrete-acties-%25f0%259f%2591%2589-ontdek-balencio-en-neem-contact-op-met-ons-team-voor-meer-inform\">Wilt u uw QVT-barometer professionaliseren, het vertrouwen van medewerkers versterken en uw data omzetten in concrete acties ?<br><br>\ud83d\udc49 Ontdek Balencio en neem contact op met ons team voor meer informatie.<\/h4>\n\n\n<div class=\"wp-block-buttons is-content-justification-center is-layout-flex wp-container-core-buttons-is-layout-16018d1d wp-block-buttons-is-layout-flex\">\n<div class=\"wp-block-button is-style-secondary\"><a class=\"wp-block-button__link has-text-align-center wp-element-button\"><span class=\"popup-trigger popmake-3063 \" data-popup-id=\"3063\" data-do-default=\"0\">Neem contact met ons op<\/span><\/a><\/div>\n<\/div>\n\n\n\n<div style=\"height:18px\" aria-hidden=\"true\" class=\"wp-block-spacer\"><\/div>\n<\/div>\n\n\n\n<div class=\"wp-block-column column--sticky is-layout-flow wp-block-column-is-layout-flow\" style=\"flex-basis:25%\">\n<div class=\"wp-block-grimlock-wrapper  wp-block-grimlock-wrapper--inner-full box--shadowed\" style=\"--grimlock-wrapper-background-color:#ffffff;--grimlock-wrapper-padding-top:2rem;--grimlock-wrapper-padding-right:1rem;--grimlock-wrapper-padding-bottom:2rem;--grimlock-wrapper-padding-left:1rem;--grimlock-wrapper-border-top:1px solid #EAECEF;--grimlock-wrapper-border-bottom:1px solid #EAECEF;--grimlock-wrapper-border-left:1px solid #EAECEF;--grimlock-wrapper-border-right:1px solid #EAECEF;--grimlock-wrapper-border-top-left-radius:27px;--grimlock-wrapper-border-top-right-radius:0px;--grimlock-wrapper-border-bottom-left-radius:27px;--grimlock-wrapper-border-bottom-right-radius:27px\"><div class=\"wp-block-grimlock-wrapper__bg\"><\/div><div class=\"wp-block-grimlock-wrapper__bg-overlay\"><\/div><div class=\"wp-block-grimlock-wrapper__inner\">\t\t<div class=\"company-logo\">\n\t\t\t<img decoding=\"async\" width=\"760\" height=\"300\" src=\"https:\/\/balencio.com\/wp-content\/uploads\/2026\/02\/action-logement-logo-3.png\" class=\"m-0\" alt=\"Logo Action Logement\" srcset=\"https:\/\/balencio.com\/wp-content\/uploads\/2026\/02\/action-logement-logo-3.png 760w, https:\/\/balencio.com\/wp-content\/uploads\/2026\/02\/action-logement-logo-3-300x118.png 300w\" sizes=\"(max-width: 760px) 100vw, 760px\" \/>\t\t<\/div>\n\t\t\n\n\n\n<div style=\"height:2rem\" aria-hidden=\"true\" class=\"wp-block-spacer\"><\/div>\n\n\n\n<p class=\"has-balencio-grey-600-color has-text-color has-text-smaller-font-size\" style=\"text-transform:uppercase\">Locatie<\/p>\n\n\n\n<p class=\"has-balencio-grey-700-color has-text-color has-text-smaller-font-size\" style=\"font-style:normal;font-weight:600\">Frankrijk<\/p>\n\n\n\n<p class=\"has-balencio-grey-600-color has-text-color has-text-smaller-font-size\" style=\"text-transform:uppercase\">Aantal MEDEWERKERS<\/p>\n\n\n\n<p class=\"has-balencio-grey-700-color has-text-color has-text-smaller-font-size\" style=\"font-style:normal;font-weight:600\">+ 3000 medewerkers<\/p>\n\n\n\n<p class=\"has-balencio-grey-600-color has-text-color has-text-smaller-font-size\" style=\"text-transform:uppercase\">Sector<\/p>\n\n\n\n<p class=\"has-balencio-grey-700-color has-text-color has-text-smaller-font-size\" style=\"font-style:normal;font-weight:600\">Huisvesting<\/p>\n<\/div><\/div>\n<\/div>\n<\/div>\n<\/div><\/div>\n\n<div class=\"wp-block-grimlock-wrapper alignfull\" style=\"--grimlock-wrapper-background-color:#F8F9FA;--grimlock-wrapper-padding-top:6rem;--grimlock-wrapper-padding-bottom:4rem;--grimlock-wrapper-border-top:0 solid #00000000;--grimlock-wrapper-border-bottom:0 solid #00000000;--grimlock-wrapper-border-left:0 solid #00000000;--grimlock-wrapper-border-right:0 solid #00000000\"><div class=\"wp-block-grimlock-wrapper__bg\"><\/div><div class=\"wp-block-grimlock-wrapper__bg-overlay\"><\/div><div class=\"wp-block-grimlock-wrapper__inner\"><h2 class=\"wp-block-heading decoration-line--left decoration--color-primary-100\" id=\"onze-nieuwste-artikels\">Onze nieuwste artikels<\/h2>\n\n\n<div style=\"height:2rem\" aria-hidden=\"true\" class=\"wp-block-spacer\"><\/div>\n\n\n<\/div><\/div>\n\n<div class=\"wp-block-grimlock-wrapper alignfull bg--dotted\" style=\"--grimlock-wrapper-background-color:#ffffff00;--grimlock-wrapper-padding-top:6vw;--grimlock-wrapper-padding-right:0rem;--grimlock-wrapper-padding-bottom:6vw;--grimlock-wrapper-border-top:0 solid #00000000;--grimlock-wrapper-border-bottom:0 solid #00000000;--grimlock-wrapper-border-left:0 solid #00000000;--grimlock-wrapper-border-right:0 solid #00000000;--grimlock-wrapper-overflow:visible\"><div class=\"wp-block-grimlock-wrapper__bg\"><\/div><div class=\"wp-block-grimlock-wrapper__bg-overlay\"><\/div><div class=\"wp-block-grimlock-wrapper__inner\">\n<div class=\"wp-block-group\" data-aos=\"fade-down-right\" data-aos-duration=\"750\" data-aos-once=\"true\"><div class=\"wp-block-group__inner-container is-layout-constrained wp-block-group-is-layout-constrained\"><\/div><\/div>\n\n\n\n\n<\/div><\/div>\n\n<div class=\"wp-block-grimlock-wrapper  wp-block-grimlock-wrapper--inner-narrow\" style=\"--grimlock-wrapper-text-color:#ffffff;--grimlock-wrapper-headings-color:#ffffff;--grimlock-wrapper-background-color:linear-gradient(288deg,rgb(148,160,255) 0%,rgb(83,96,191) 100%);--grimlock-wrapper-margin-top:4vw;--grimlock-wrapper-margin-bottom:4vw;--grimlock-wrapper-padding-top:5rem;--grimlock-wrapper-padding-right:4vw;--grimlock-wrapper-padding-bottom:3rem;--grimlock-wrapper-padding-left:4vw;--grimlock-wrapper-border-top:0 solid #00000000;--grimlock-wrapper-border-bottom:0 solid #00000000;--grimlock-wrapper-border-left:0 solid #00000000;--grimlock-wrapper-border-right:0 solid #00000000;--grimlock-wrapper-border-top-left-radius:40px;--grimlock-wrapper-border-top-right-radius:0px;--grimlock-wrapper-border-bottom-left-radius:40px;--grimlock-wrapper-border-bottom-right-radius:40px\" data-aos=\"fade-up\" data-aos-duration=\"750\" data-aos-once=\"true\"><div class=\"wp-block-grimlock-wrapper__bg\"><\/div><div class=\"wp-block-grimlock-wrapper__bg-overlay\"><\/div><div class=\"wp-block-grimlock-wrapper__inner\">\n<h2 class=\"wp-block-heading has-text-align-center decoration-lines--right decoration--color-warning-400\">Sluit u aan bij meer dan <mark style=\"background-color:#FFC078\" class=\"has-inline-color\">250 tevreden bedrijven<\/mark><\/h2>\n\n\n\n<div style=\"height:1rem\" aria-hidden=\"true\" class=\"wp-block-spacer\"><\/div>\n\n\n\n<div class=\"wp-block-buttons is-content-justification-center is-layout-flex wp-container-core-buttons-is-layout-16018d1d wp-block-buttons-is-layout-flex\">\n<div class=\"wp-block-button popmake-3063\"><a class=\"wp-block-button__link has-text-align-left wp-element-button\">Neem contact op met het Balencio-team<\/a><\/div>\n<\/div>\n<\/div><\/div>\n","protected":false},"excerpt":{"rendered":"<p>Als belangrijke speler in de huisvestingssector in Frankrijk heeft Action Logement ervoor gekozen om zijn QVCT-barometer uit te besteden aan Balencio, om de betrokkenheid van medewerkers te versterken en de transparantie van de resultaten te waarborgen. Dankzij een ergonomisch platform dat is ontworpen voor organisaties met meerdere vestigingen (analyses per regio en beroep, visuele rapporten, actiegerichte aanbevelingen), kon de QVCT-directie de gegevens snel omzetten in concrete actieplannen, in samenwerking met de QVT- en CSSCT-commissies. Resultaat : een sterk verhoogde participatiegraad vanaf de eerste editie en een meer gestructureerde en geloofwaardige QVCT-aanpak.  <\/p>\n","protected":false},"author":3,"featured_media":7029,"comment_status":"closed","ping_status":"closed","sticky":false,"template":"","format":"standard","meta":{"_acf_changed":false,"inline_featured_image":false,"footnotes":""},"categories":[49],"tags":[61],"class_list":["post-8773","post","type-post","status-publish","format-standard","has-post-thumbnail","hentry","category-klanten","tag-getuigenis"],"acf":[],"yoast_head":"<!-- This site is optimized with the Yoast SEO plugin v27.3 - https:\/\/yoast.com\/product\/yoast-seo-wordpress\/ -->\n<title>Klant - Action Logement - Balencio<\/title>\n<meta name=\"description\" content=\"Ontdek de terugkoppeling van ENGIE GBS Belgium met Balencio : een duidelijk en betrouwbaar platform om de kwaliteit van het werkleven (QVT) te meten, psychosociale risico\u2019s (RPS) te voorkomen en bruikbare HR-indicatoren te verkrijgen.\" \/>\n<meta name=\"robots\" content=\"index, follow, max-snippet:-1, max-image-preview:large, max-video-preview:-1\" \/>\n<link rel=\"canonical\" href=\"https:\/\/balencio.com\/nl\/klant-action-logement\/\" \/>\n<meta property=\"og:locale\" content=\"nl_NL\" \/>\n<meta property=\"og:type\" content=\"article\" \/>\n<meta property=\"og:title\" content=\"Klant - Action Logement - Balencio\" \/>\n<meta property=\"og:description\" content=\"Ontdek de terugkoppeling van ENGIE GBS Belgium met Balencio : een duidelijk en betrouwbaar platform om de kwaliteit van het werkleven (QVT) te meten, psychosociale risico\u2019s (RPS) te voorkomen en bruikbare HR-indicatoren te verkrijgen.\" \/>\n<meta property=\"og:url\" content=\"https:\/\/balencio.com\/nl\/klant-action-logement\/\" \/>\n<meta property=\"og:site_name\" content=\"Balencio\" \/>\n<meta property=\"article:published_time\" content=\"2026-02-25T09:00:00+00:00\" \/>\n<meta property=\"article:modified_time\" content=\"2026-04-29T14:24:46+00:00\" \/>\n<meta property=\"og:image\" content=\"https:\/\/balencio.com\/wp-content\/uploads\/2026\/02\/action_logement-1024x523.png\" \/>\n\t<meta property=\"og:image:width\" content=\"1024\" \/>\n\t<meta property=\"og:image:height\" content=\"523\" \/>\n\t<meta property=\"og:image:type\" content=\"image\/png\" \/>\n<meta name=\"author\" content=\"Emeline Martin\" \/>\n<meta name=\"twitter:card\" content=\"summary_large_image\" \/>\n<meta name=\"twitter:label1\" content=\"Geschreven door\" \/>\n\t<meta name=\"twitter:data1\" content=\"Emeline Martin\" \/>\n\t<meta name=\"twitter:label2\" content=\"Geschatte leestijd\" \/>\n\t<meta name=\"twitter:data2\" content=\"4 minuten\" \/>\n<script type=\"application\/ld+json\" class=\"yoast-schema-graph\">{\"@context\":\"https:\\\/\\\/schema.org\",\"@graph\":[{\"@type\":\"Article\",\"@id\":\"https:\\\/\\\/balencio.com\\\/nl\\\/klant-action-logement\\\/#article\",\"isPartOf\":{\"@id\":\"https:\\\/\\\/balencio.com\\\/nl\\\/klant-action-logement\\\/\"},\"author\":{\"name\":\"Emeline Martin\",\"@id\":\"https:\\\/\\\/balencio.com\\\/nl\\\/#\\\/schema\\\/person\\\/a69b4c54f1e20e7ba8337bab91c2f1c6\"},\"headline\":\"Klant &#8211; Action Logement\",\"datePublished\":\"2026-02-25T09:00:00+00:00\",\"dateModified\":\"2026-04-29T14:24:46+00:00\",\"mainEntityOfPage\":{\"@id\":\"https:\\\/\\\/balencio.com\\\/nl\\\/klant-action-logement\\\/\"},\"wordCount\":730,\"publisher\":{\"@id\":\"https:\\\/\\\/balencio.com\\\/nl\\\/#organization\"},\"image\":{\"@id\":\"https:\\\/\\\/balencio.com\\\/nl\\\/klant-action-logement\\\/#primaryimage\"},\"thumbnailUrl\":\"https:\\\/\\\/balencio.com\\\/wp-content\\\/uploads\\\/2026\\\/02\\\/action_logement-scaled.png\",\"keywords\":[\"Getuigenis\"],\"articleSection\":[\"Klanten\"],\"inLanguage\":\"nl-NL\"},{\"@type\":\"WebPage\",\"@id\":\"https:\\\/\\\/balencio.com\\\/nl\\\/klant-action-logement\\\/\",\"url\":\"https:\\\/\\\/balencio.com\\\/nl\\\/klant-action-logement\\\/\",\"name\":\"Klant - Action Logement - Balencio\",\"isPartOf\":{\"@id\":\"https:\\\/\\\/balencio.com\\\/nl\\\/#website\"},\"primaryImageOfPage\":{\"@id\":\"https:\\\/\\\/balencio.com\\\/nl\\\/klant-action-logement\\\/#primaryimage\"},\"image\":{\"@id\":\"https:\\\/\\\/balencio.com\\\/nl\\\/klant-action-logement\\\/#primaryimage\"},\"thumbnailUrl\":\"https:\\\/\\\/balencio.com\\\/wp-content\\\/uploads\\\/2026\\\/02\\\/action_logement-scaled.png\",\"datePublished\":\"2026-02-25T09:00:00+00:00\",\"dateModified\":\"2026-04-29T14:24:46+00:00\",\"description\":\"Ontdek de terugkoppeling van ENGIE GBS Belgium met Balencio : een duidelijk en betrouwbaar platform om de kwaliteit van het werkleven (QVT) te meten, psychosociale risico\u2019s (RPS) te voorkomen en bruikbare HR-indicatoren te verkrijgen.\",\"breadcrumb\":{\"@id\":\"https:\\\/\\\/balencio.com\\\/nl\\\/klant-action-logement\\\/#breadcrumb\"},\"inLanguage\":\"nl-NL\",\"potentialAction\":[{\"@type\":\"ReadAction\",\"target\":[\"https:\\\/\\\/balencio.com\\\/nl\\\/klant-action-logement\\\/\"]}]},{\"@type\":\"ImageObject\",\"inLanguage\":\"nl-NL\",\"@id\":\"https:\\\/\\\/balencio.com\\\/nl\\\/klant-action-logement\\\/#primaryimage\",\"url\":\"https:\\\/\\\/balencio.com\\\/wp-content\\\/uploads\\\/2026\\\/02\\\/action_logement-scaled.png\",\"contentUrl\":\"https:\\\/\\\/balencio.com\\\/wp-content\\\/uploads\\\/2026\\\/02\\\/action_logement-scaled.png\",\"width\":2560,\"height\":1307,\"caption\":\"Bureau Groupe Action Logement\"},{\"@type\":\"BreadcrumbList\",\"@id\":\"https:\\\/\\\/balencio.com\\\/nl\\\/klant-action-logement\\\/#breadcrumb\",\"itemListElement\":[{\"@type\":\"ListItem\",\"position\":1,\"name\":\"Home\",\"item\":\"https:\\\/\\\/balencio.com\\\/nl\\\/\"},{\"@type\":\"ListItem\",\"position\":2,\"name\":\"Klant &#8211; Action Logement\"}]},{\"@type\":\"WebSite\",\"@id\":\"https:\\\/\\\/balencio.com\\\/nl\\\/#website\",\"url\":\"https:\\\/\\\/balencio.com\\\/nl\\\/\",\"name\":\"Balencio\",\"description\":\"Expert en gestion du capital humain\",\"publisher\":{\"@id\":\"https:\\\/\\\/balencio.com\\\/nl\\\/#organization\"},\"potentialAction\":[{\"@type\":\"SearchAction\",\"target\":{\"@type\":\"EntryPoint\",\"urlTemplate\":\"https:\\\/\\\/balencio.com\\\/nl\\\/?s={search_term_string}\"},\"query-input\":{\"@type\":\"PropertyValueSpecification\",\"valueRequired\":true,\"valueName\":\"search_term_string\"}}],\"inLanguage\":\"nl-NL\"},{\"@type\":\"Organization\",\"@id\":\"https:\\\/\\\/balencio.com\\\/nl\\\/#organization\",\"name\":\"Balencio\",\"url\":\"https:\\\/\\\/balencio.com\\\/nl\\\/\",\"logo\":{\"@type\":\"ImageObject\",\"inLanguage\":\"nl-NL\",\"@id\":\"https:\\\/\\\/balencio.com\\\/nl\\\/#\\\/schema\\\/logo\\\/image\\\/\",\"url\":\"https:\\\/\\\/balencio.com\\\/wp-content\\\/uploads\\\/2023\\\/06\\\/logo.svg\",\"contentUrl\":\"https:\\\/\\\/balencio.com\\\/wp-content\\\/uploads\\\/2023\\\/06\\\/logo.svg\",\"width\":\"1024\",\"height\":\"1024\",\"caption\":\"Balencio\"},\"image\":{\"@id\":\"https:\\\/\\\/balencio.com\\\/nl\\\/#\\\/schema\\\/logo\\\/image\\\/\"},\"sameAs\":[\"https:\\\/\\\/be.linkedin.com\\\/company\\\/balencio\"]},{\"@type\":\"Person\",\"@id\":\"https:\\\/\\\/balencio.com\\\/nl\\\/#\\\/schema\\\/person\\\/a69b4c54f1e20e7ba8337bab91c2f1c6\",\"name\":\"Emeline Martin\",\"image\":{\"@type\":\"ImageObject\",\"inLanguage\":\"nl-NL\",\"@id\":\"https:\\\/\\\/secure.gravatar.com\\\/avatar\\\/5eac71021853d1167789c10c1d7d4429ca0cb6b5daef221e50d9f771ee898ac3?s=96&d=mm&r=g\",\"url\":\"https:\\\/\\\/secure.gravatar.com\\\/avatar\\\/5eac71021853d1167789c10c1d7d4429ca0cb6b5daef221e50d9f771ee898ac3?s=96&d=mm&r=g\",\"contentUrl\":\"https:\\\/\\\/secure.gravatar.com\\\/avatar\\\/5eac71021853d1167789c10c1d7d4429ca0cb6b5daef221e50d9f771ee898ac3?s=96&d=mm&r=g\",\"caption\":\"Emeline Martin\"},\"url\":\"https:\\\/\\\/balencio.com\\\/nl\\\/author\\\/emeline\\\/\"}]}<\/script>\n<!-- \/ Yoast SEO plugin. -->","yoast_head_json":{"title":"Klant - Action Logement - Balencio","description":"Ontdek de terugkoppeling van ENGIE GBS Belgium met Balencio : een duidelijk en betrouwbaar platform om de kwaliteit van het werkleven (QVT) te meten, psychosociale risico\u2019s (RPS) te voorkomen en bruikbare HR-indicatoren te verkrijgen.","robots":{"index":"index","follow":"follow","max-snippet":"max-snippet:-1","max-image-preview":"max-image-preview:large","max-video-preview":"max-video-preview:-1"},"canonical":"https:\/\/balencio.com\/nl\/klant-action-logement\/","og_locale":"nl_NL","og_type":"article","og_title":"Klant - Action Logement - Balencio","og_description":"Ontdek de terugkoppeling van ENGIE GBS Belgium met Balencio : een duidelijk en betrouwbaar platform om de kwaliteit van het werkleven (QVT) te meten, psychosociale risico\u2019s (RPS) te voorkomen en bruikbare HR-indicatoren te verkrijgen.","og_url":"https:\/\/balencio.com\/nl\/klant-action-logement\/","og_site_name":"Balencio","article_published_time":"2026-02-25T09:00:00+00:00","article_modified_time":"2026-04-29T14:24:46+00:00","og_image":[{"width":1024,"height":523,"url":"https:\/\/balencio.com\/wp-content\/uploads\/2026\/02\/action_logement-1024x523.png","type":"image\/png"}],"author":"Emeline Martin","twitter_card":"summary_large_image","twitter_misc":{"Geschreven door":"Emeline Martin","Geschatte leestijd":"4 minuten"},"schema":{"@context":"https:\/\/schema.org","@graph":[{"@type":"Article","@id":"https:\/\/balencio.com\/nl\/klant-action-logement\/#article","isPartOf":{"@id":"https:\/\/balencio.com\/nl\/klant-action-logement\/"},"author":{"name":"Emeline Martin","@id":"https:\/\/balencio.com\/nl\/#\/schema\/person\/a69b4c54f1e20e7ba8337bab91c2f1c6"},"headline":"Klant &#8211; Action Logement","datePublished":"2026-02-25T09:00:00+00:00","dateModified":"2026-04-29T14:24:46+00:00","mainEntityOfPage":{"@id":"https:\/\/balencio.com\/nl\/klant-action-logement\/"},"wordCount":730,"publisher":{"@id":"https:\/\/balencio.com\/nl\/#organization"},"image":{"@id":"https:\/\/balencio.com\/nl\/klant-action-logement\/#primaryimage"},"thumbnailUrl":"https:\/\/balencio.com\/wp-content\/uploads\/2026\/02\/action_logement-scaled.png","keywords":["Getuigenis"],"articleSection":["Klanten"],"inLanguage":"nl-NL"},{"@type":"WebPage","@id":"https:\/\/balencio.com\/nl\/klant-action-logement\/","url":"https:\/\/balencio.com\/nl\/klant-action-logement\/","name":"Klant - Action Logement - Balencio","isPartOf":{"@id":"https:\/\/balencio.com\/nl\/#website"},"primaryImageOfPage":{"@id":"https:\/\/balencio.com\/nl\/klant-action-logement\/#primaryimage"},"image":{"@id":"https:\/\/balencio.com\/nl\/klant-action-logement\/#primaryimage"},"thumbnailUrl":"https:\/\/balencio.com\/wp-content\/uploads\/2026\/02\/action_logement-scaled.png","datePublished":"2026-02-25T09:00:00+00:00","dateModified":"2026-04-29T14:24:46+00:00","description":"Ontdek de terugkoppeling van ENGIE GBS Belgium met Balencio : een duidelijk en betrouwbaar platform om de kwaliteit van het werkleven (QVT) te meten, psychosociale risico\u2019s (RPS) te voorkomen en bruikbare HR-indicatoren te verkrijgen.","breadcrumb":{"@id":"https:\/\/balencio.com\/nl\/klant-action-logement\/#breadcrumb"},"inLanguage":"nl-NL","potentialAction":[{"@type":"ReadAction","target":["https:\/\/balencio.com\/nl\/klant-action-logement\/"]}]},{"@type":"ImageObject","inLanguage":"nl-NL","@id":"https:\/\/balencio.com\/nl\/klant-action-logement\/#primaryimage","url":"https:\/\/balencio.com\/wp-content\/uploads\/2026\/02\/action_logement-scaled.png","contentUrl":"https:\/\/balencio.com\/wp-content\/uploads\/2026\/02\/action_logement-scaled.png","width":2560,"height":1307,"caption":"Bureau Groupe Action Logement"},{"@type":"BreadcrumbList","@id":"https:\/\/balencio.com\/nl\/klant-action-logement\/#breadcrumb","itemListElement":[{"@type":"ListItem","position":1,"name":"Home","item":"https:\/\/balencio.com\/nl\/"},{"@type":"ListItem","position":2,"name":"Klant &#8211; Action Logement"}]},{"@type":"WebSite","@id":"https:\/\/balencio.com\/nl\/#website","url":"https:\/\/balencio.com\/nl\/","name":"Balencio","description":"Expert en gestion du capital humain","publisher":{"@id":"https:\/\/balencio.com\/nl\/#organization"},"potentialAction":[{"@type":"SearchAction","target":{"@type":"EntryPoint","urlTemplate":"https:\/\/balencio.com\/nl\/?s={search_term_string}"},"query-input":{"@type":"PropertyValueSpecification","valueRequired":true,"valueName":"search_term_string"}}],"inLanguage":"nl-NL"},{"@type":"Organization","@id":"https:\/\/balencio.com\/nl\/#organization","name":"Balencio","url":"https:\/\/balencio.com\/nl\/","logo":{"@type":"ImageObject","inLanguage":"nl-NL","@id":"https:\/\/balencio.com\/nl\/#\/schema\/logo\/image\/","url":"https:\/\/balencio.com\/wp-content\/uploads\/2023\/06\/logo.svg","contentUrl":"https:\/\/balencio.com\/wp-content\/uploads\/2023\/06\/logo.svg","width":"1024","height":"1024","caption":"Balencio"},"image":{"@id":"https:\/\/balencio.com\/nl\/#\/schema\/logo\/image\/"},"sameAs":["https:\/\/be.linkedin.com\/company\/balencio"]},{"@type":"Person","@id":"https:\/\/balencio.com\/nl\/#\/schema\/person\/a69b4c54f1e20e7ba8337bab91c2f1c6","name":"Emeline Martin","image":{"@type":"ImageObject","inLanguage":"nl-NL","@id":"https:\/\/secure.gravatar.com\/avatar\/5eac71021853d1167789c10c1d7d4429ca0cb6b5daef221e50d9f771ee898ac3?s=96&d=mm&r=g","url":"https:\/\/secure.gravatar.com\/avatar\/5eac71021853d1167789c10c1d7d4429ca0cb6b5daef221e50d9f771ee898ac3?s=96&d=mm&r=g","contentUrl":"https:\/\/secure.gravatar.com\/avatar\/5eac71021853d1167789c10c1d7d4429ca0cb6b5daef221e50d9f771ee898ac3?s=96&d=mm&r=g","caption":"Emeline Martin"},"url":"https:\/\/balencio.com\/nl\/author\/emeline\/"}]}},"_links":{"self":[{"href":"https:\/\/balencio.com\/nl\/wp-json\/wp\/v2\/posts\/8773","targetHints":{"allow":["GET"]}}],"collection":[{"href":"https:\/\/balencio.com\/nl\/wp-json\/wp\/v2\/posts"}],"about":[{"href":"https:\/\/balencio.com\/nl\/wp-json\/wp\/v2\/types\/post"}],"author":[{"embeddable":true,"href":"https:\/\/balencio.com\/nl\/wp-json\/wp\/v2\/users\/3"}],"replies":[{"embeddable":true,"href":"https:\/\/balencio.com\/nl\/wp-json\/wp\/v2\/comments?post=8773"}],"version-history":[{"count":2,"href":"https:\/\/balencio.com\/nl\/wp-json\/wp\/v2\/posts\/8773\/revisions"}],"predecessor-version":[{"id":8775,"href":"https:\/\/balencio.com\/nl\/wp-json\/wp\/v2\/posts\/8773\/revisions\/8775"}],"wp:featuredmedia":[{"embeddable":true,"href":"https:\/\/balencio.com\/nl\/wp-json\/wp\/v2\/media\/7029"}],"wp:attachment":[{"href":"https:\/\/balencio.com\/nl\/wp-json\/wp\/v2\/media?parent=8773"}],"wp:term":[{"taxonomy":"category","embeddable":true,"href":"https:\/\/balencio.com\/nl\/wp-json\/wp\/v2\/categories?post=8773"},{"taxonomy":"post_tag","embeddable":true,"href":"https:\/\/balencio.com\/nl\/wp-json\/wp\/v2\/tags?post=8773"}],"curies":[{"name":"wp","href":"https:\/\/api.w.org\/{rel}","templated":true}]}}