{"id":8770,"date":"2026-03-09T10:00:00","date_gmt":"2026-03-09T09:00:00","guid":{"rendered":"https:\/\/balencio.com\/werkstress-oorzaken-symptomen-en-oplossingen-om-burn-out-te-voorkomen\/"},"modified":"2026-04-29T14:43:05","modified_gmt":"2026-04-29T12:43:05","slug":"werkstress-oorzaken-symptomen-en-oplossingen-om-burn-out-te-voorkomen","status":"publish","type":"post","link":"https:\/\/balencio.com\/nl\/werkstress-oorzaken-symptomen-en-oplossingen-om-burn-out-te-voorkomen\/","title":{"rendered":"Werkstress : oorzaken, symptomen en oplossingen om burn-out te voorkomen"},"content":{"rendered":"\n<div class=\"wp-block-grimlock-wrapper alignfull  wp-block-grimlock-wrapper--inner-narrower\" style=\"--grimlock-wrapper-background-color:#F8F9FA;--grimlock-wrapper-margin-bottom:0rem;--grimlock-wrapper-padding-top:2rem;--grimlock-wrapper-border-top:0 solid #00000000;--grimlock-wrapper-border-bottom:0 solid #00000000;--grimlock-wrapper-border-left:0 solid #00000000;--grimlock-wrapper-border-right:0 solid #00000000\"><div class=\"wp-block-grimlock-wrapper__bg\"><\/div><div class=\"wp-block-grimlock-wrapper__bg-overlay\"><\/div><div class=\"wp-block-grimlock-wrapper__inner\"><div style=\"font-style:normal;font-weight:500;text-transform:uppercase\" class=\"taxonomy-category has-text-align-center wp-block-post-terms has-text-color has-black-color has-text-bigger-font-size\"><a href=\"https:\/\/balencio.com\/nl\/bronnen\/artikelen\/\" rel=\"tag\">Artikelen<\/a><\/div>\n\n\n<div style=\"height:1rem\" aria-hidden=\"true\" class=\"wp-block-spacer\"><\/div>\n\n\n<h1 class=\"has-text-align-center wp-block-post-title\">Werkstress : oorzaken, symptomen en oplossingen om burn-out te voorkomen<\/h1>\n\n\t\t\t<div  class=\" wp-block-grimlock-divider alignfull grimlock-divider grimlock-divider--flip-shape-horizontally grimlock-divider--align-icon-center-center\" style=\"--grimlock-divider-shape-color:#F8F9FA;--grimlock-divider-icon-color:#000000;--grimlock-divider-background-color:#fefefe;--grimlock-divider-icon-size:20px;--grimlock-divider-height:100px;--grimlock-divider-margin-top:0px;--grimlock-divider-margin-bottom:0px;z-index:0;\"  >\n\t\t\t\t\n\t\t\t<div class=\"grimlock-divider__icon\">\n\n\t\t\t\t<svg width=\"40\" height=\"40\" xmlns=\"http:\/\/www.w3.org\/2000\/svg\" viewBox=\"0 0 40 40\"><\/svg>\n\n\t\t\t<\/div>\n\n\t\t\t\t\t\t\n\t\t\t<div class=\"grimlock-divider__shape\">\n\t\t\t\t<svg viewBox=\"0 0 1600 200\" xmlns=\"http:\/\/www.w3.org\/2000\/svg\" preserveAspectRatio=\"none\" class=\"grimlock-divider-svg grimlock-divider-svg--curve\" aria-hidden=\"true\"><path d=\"M1610 177.3C1423 122.9 1133.3 88 808 88c-334.7 0-631.8 37-818 94.1v28h1620v-32.8z\"><\/path><\/svg>\n\t\t\t<\/div>\n\n\t\t\t\t\t<\/div>\n\t\t<\/div><\/div>\n\n<div class=\"wp-block-grimlock-wrapper alignfull  wp-block-grimlock-wrapper--inner-narrow\" style=\"--grimlock-wrapper-border-top:0 solid #00000000;--grimlock-wrapper-border-bottom:0 solid #00000000;--grimlock-wrapper-border-left:0 solid #00000000;--grimlock-wrapper-border-right:0 solid #00000000;--grimlock-wrapper-overflow:visible\"><div class=\"wp-block-grimlock-wrapper__bg\"><\/div><div class=\"wp-block-grimlock-wrapper__bg-overlay\"><\/div><div class=\"wp-block-grimlock-wrapper__inner\">\n<div class=\"wp-block-group has-balencio-grey-600-color has-text-color has-text-smaller-font-size is-content-justification-center is-nowrap is-layout-flex wp-container-core-group-is-layout-80041ad0 wp-block-group-is-layout-flex\">\n<div class=\"wp-block-group\"><div class=\"wp-block-group__inner-container is-layout-constrained wp-block-group-is-layout-constrained\">\n<p>Post\u00e9 le<\/p>\n<\/div><\/div>\n\n\n<div class=\"has-text-align-left wp-block-post-date\"><time datetime=\"2026-03-09T10:00:00+01:00\">9 maart 2026<\/time><\/div><\/div>\n\n\n\n<div style=\"height:1rem\" aria-hidden=\"true\" class=\"wp-block-spacer wp-embed-aspect-16-9 wp-has-aspect-ratio\"><\/div>\n\n\n\n<p class=\"has-text-align-center wp-embed-aspect-16-9 wp-has-aspect-ratio has-balencio-blue-500-color has-text-color\" style=\"font-style:normal;font-weight:500\"><span class=\"span-reading-time rt-reading-time\"><span class=\"rt-label rt-prefix\"><\/span> <span class=\"rt-time\"> 6<\/span> <span class=\"rt-label rt-postfix\"><\/span><\/span> minuten leestijd<\/p>\n\n\n\n<div style=\"height:1rem\" aria-hidden=\"true\" class=\"wp-block-spacer wp-embed-aspect-16-9 wp-has-aspect-ratio\"><\/div>\n\n\n<figure style=\"width:100%;\" class=\"wp-embed-aspect-16-9 wp-has-aspect-ratio wp-block-post-featured-image\"><img decoding=\"async\" width=\"2560\" height=\"1600\" src=\"https:\/\/balencio.com\/wp-content\/uploads\/2026\/03\/stress-scaled.png\" class=\"attachment-full size-full wp-post-image\" alt=\"stress au travail\" style=\"object-fit:cover;\" srcset=\"https:\/\/balencio.com\/wp-content\/uploads\/2026\/03\/stress-scaled.png 2560w, https:\/\/balencio.com\/wp-content\/uploads\/2026\/03\/stress-300x188.png 300w, https:\/\/balencio.com\/wp-content\/uploads\/2026\/03\/stress-1024x640.png 1024w, https:\/\/balencio.com\/wp-content\/uploads\/2026\/03\/stress-768x480.png 768w, https:\/\/balencio.com\/wp-content\/uploads\/2026\/03\/stress-1536x960.png 1536w, https:\/\/balencio.com\/wp-content\/uploads\/2026\/03\/stress-2048x1280.png 2048w, https:\/\/balencio.com\/wp-content\/uploads\/2026\/03\/stress-1850x1156.png 1850w\" sizes=\"(max-width: 2560px) 100vw, 2560px\" \/><\/figure>\n\n\n<div style=\"height:64px\" aria-hidden=\"true\" class=\"wp-block-spacer wp-embed-aspect-16-9 wp-has-aspect-ratio\"><\/div>\n\n\n\n<div class=\"wp-block-columns is-not-stacked-on-mobile wp-embed-aspect-16-9 wp-has-aspect-ratio is-layout-flex wp-container-core-columns-is-layout-9d6595d7 wp-block-columns-is-layout-flex\">\n<div class=\"wp-block-column is-layout-flow wp-block-column-is-layout-flow\" style=\"flex-basis:75%\"><h2 class=\"wp-block-heading\" id=\"introduction\"><strong>Introduction<\/strong> <\/h2>\n\n\n<p>Werkstress is een dagelijkse realiteit voor veel werknemers in Belgi\u00eb, Frankrijk en Luxemburg. In een context waarin prestaties, rendabiliteit en competitiviteit prioriteiten zijn, wordt de druk op de schouders van werknemers steeds groter. Als dit fenomeen niet onder controle wordt gehouden, kan het de fysieke en mentale gezondheid aantasten, de motivatie be\u00efnvloeden en de kwaliteit van het werkleven verslechteren.   <\/p>\n\n\n\n<p>Het begrijpen van de oorzaken van werkstress, het herkennen van vroege signalen en het implementeren van preventiestrategie\u00ebn is vandaag essentieel om het welzijn van werknemers en de duurzame prestaties van organisaties te waarborgen. Want een medewerker die zich goed voelt, is ook productiever, meer betrokken en veerkrachtiger tegenover de uitdagingen van de professionele wereld.  <\/p>\n\n\n\n<div style=\"height:39px\" aria-hidden=\"true\" class=\"wp-block-spacer\"><\/div>\n\n\n<h2 class=\"wp-block-heading\" id=\"definitie-van-werkstress\"><strong>Definitie van werkstress<\/strong> <\/h2>\n\n<h3 class=\"wp-block-heading\" id=\"wat-is-werkstress\"><strong>Wat is werkstress ?<\/strong> <\/h3>\n\n\n<p>Werkstress is een natuurlijke reactie van het lichaam op een beperking, een eis of een als moeilijk ervaren situatie. Het wordt problematisch wanneer deze druk de aanpassingscapaciteiten van de werknemer overschrijdt. Volgens de WHO <strong>gaat het om een onevenwicht tussen de werkeisen en de middelen waarover iemand beschikt om ermee om te gaan.<\/strong>   <\/p>\n\n\n\n<p>Deze stress kan voortkomen uit objectieve factoren (bijvoorbeeld werkdruk, werktijden, gebrek aan middelen) of subjectieve factoren (bijvoorbeeld faalangst, een laag zelfbeeld). Het begrijpen van dit onderscheid maakt het mogelijk om zowel op de werkomgeving als op de persoonlijke hulpbronnen in te grijpen.  <\/p>\n\n\n<h3 class=\"wp-block-heading\" id=\"de-verschillende-soorten-werkstress\"><strong>De verschillende soorten werkstress<\/strong> <\/h3>\n\n\n<p>Men onderscheidt voornamelijk drie vormen : <\/p>\n\n\n\n<ul class=\"wp-block-list\">\n<li>Acute stress : dit treedt sporadisch op bij een specifieke gebeurtenis, zoals een belangrijke presentatie of een piek in de werkdruk. <\/li>\n<\/ul>\n\n\n\n<ul class=\"wp-block-list\">\n<li><strong>Chronische stress<\/strong> : deze ontwikkelt zich geleidelijk en wordt een gewoonte. Hij put zowel lichaam als geest uit.  <\/li>\n<\/ul>\n\n\n\n<ul class=\"wp-block-list\">\n<li><strong>Posttraumatische stress<\/strong> : een gevolg van een gewelddadige of schokkende werkgerelateerde gebeurtenis (ongeval, pesterijen, agressie). <\/li>\n<\/ul>\n\n\n\n<p>Acute stress kan op korte termijn stimulerend zijn, maar chronische en posttraumatische vormen kunnen leiden tot fysieke en mentale gezondheidsproblemen bij werknemers. Het is daarom belangrijk om deze verschillende vormen van stress te kunnen identificeren, evenals hun oorzaken, namelijk door te zoeken naar de <strong>psychosociale risicofactoren (PSR)<\/strong> die eraan ten grondslag liggen.  <\/p>\n\n\n\n<div style=\"height:40px\" aria-hidden=\"true\" class=\"wp-block-spacer\"><\/div>\n\n\n<h2 class=\"wp-block-heading\" id=\"veelvoorkomende-oorzaken-van-werkstress\"><strong>Veelvoorkomende oorzaken van werkstress<\/strong> <\/h2>\n\n<h3 class=\"wp-block-heading\" id=\"psychosociale-factoren\"><strong>Psychosociale factoren<\/strong> <\/h3>\n\n\n<p>Werkstress vindt vaak zijn oorsprong in <strong>psychosociale factoren<\/strong> die verband houden met de werkomgeving. De meest voorkomende zijn:  <\/p>\n\n\n\n<ul class=\"wp-block-list\">\n<li>Een <strong>gebrek aan erkenning<\/strong> of waardering voor het geleverde werk. <\/li>\n<\/ul>\n\n\n\n<ul class=\"wp-block-list\">\n<li><strong>Gespannen interpersoonlijke relaties<\/strong> met collega\u2019s of het management. <\/li>\n<\/ul>\n\n\n\n<ul class=\"wp-block-list\">\n<li>Een <strong>gebrek aan duidelijke communicatie <\/strong>of gedefinieerde doelstellingen. <\/li>\n<\/ul>\n\n\n\n<ul class=\"wp-block-list\">\n<li>Een <strong>verlies van zingeving<\/strong> in de toegewezen taken. <\/li>\n<\/ul>\n\n\n\n<ul class=\"wp-block-list\">\n<li>Een<strong> bedrijfscultuur die gericht is op prestaties<\/strong> zonder menselijke ondersteuning. <\/li>\n<\/ul>\n\n\n\n<p>Meer specifiek kan het geheel van risicofactoren die werkstress kunnen veroorzaken worden onderverdeeld in vijf grote categorie\u00ebn: factoren die verband houden met de arbeidsorganisatie (de manier waarop het werk binnen de organisatie gestructureerd en georganiseerd is), de inhoud van het werk (de taken die de werknemer daadwerkelijk moet uitvoeren), de arbeidsomstandigheden (alle uitvoeringsmodaliteiten van de arbeidsrelatie), interpersoonlijke relaties (de kwaliteit van de relaties met collega\u2019s, met het management of met externe partijen, evenals de kwaliteit van de interne communicatie) en de arbeidsomstandigheden in de werkomgeving (de fysieke werkomgeving zoals lawaai, licht, temperatuur, luchtkwaliteit, materiaal en veiligheid). Al deze elementen kunnen, wanneer ze door werknemers als stressvol worden ervaren, leiden tot chronische of posttraumatische stress en zo schadelijke gevolgen hebben voor hun gezondheid.  <\/p>\n\n\n<h3 class=\"wp-block-heading\" id=\"werkoverbelasting-en-tijdsdruk\"><strong>Werkoverbelasting en tijdsdruk<\/strong> <\/h3>\n\n\n<p>Werkoverbelasting blijft een van de belangrijkste stressfactoren. Ze gaat vaak gepaard met onrealistische deadlines, repetitieve vergaderingen en voortdurende onderbrekingen.  <\/p>\n\n\n\n<p>Deze tijdsdruk verhindert mentale recuperatie en bevordert cognitieve vermoeidheid. Op lange termijn voedt ze een vicieuze cirkel : de werknemer raakt uitgeput, wordt minder performant, wat de druk nog verder verhoogt.  <\/p>\n\n\n\n<p><strong>Werknemers in een burn-out getuigen<\/strong> vaak van een <strong>gevoel nooit genoeg te doen<\/strong>, ondanks constante inspanningen. Dit onevenwicht tussen persoonlijke inzet en externe erkenning is een belangrijke bron van psychisch leed.  <\/p>\n\n\n\n<figure class=\"wp-block-image size-full\"><img decoding=\"async\" width=\"603\" height=\"1\" src=\"https:\/\/balencio.com\/wp-content\/uploads\/2025\/12\/image-18.png\" alt=\"\" class=\"wp-image-6874\" srcset=\"https:\/\/balencio.com\/wp-content\/uploads\/2025\/12\/image-18.png 603w, https:\/\/balencio.com\/wp-content\/uploads\/2025\/12\/image-18-300x1.png 300w, https:\/\/balencio.com\/wp-content\/uploads\/2025\/12\/image-18-150x1.png 150w, https:\/\/balencio.com\/wp-content\/uploads\/2025\/12\/image-18-500x1.png 500w, https:\/\/balencio.com\/wp-content\/uploads\/2025\/12\/image-18-570x1.png 570w\" sizes=\"(max-width: 603px) 100vw, 603px\" \/><\/figure>\n\n\n<h2 class=\"wp-block-heading\" id=\"tekenen-en-symptomen-van-werkstress\"><strong>Tekenen en symptomen van werkstress<\/strong> <\/h2>\n\n\n<p>De tekenen van stress kunnen op verschillende niveaus verschijnen: <\/p>\n\n\n\n<ul class=\"wp-block-list\">\n<li><strong>Fysieke symptomen<\/strong> : slaapproblemen en aanhoudende vermoeidheid, hoofdpijn, spierpijn, rugpijn, spijsverteringsproblemen, hartkloppingen, hoge bloeddruk. <\/li>\n<\/ul>\n\n\n\n<ul class=\"wp-block-list\">\n<li><strong>Emotionele symptomen<\/strong> : prikkelbaarheid, angst, innerlijke onrust. <\/li>\n<\/ul>\n\n\n\n<ul class=\"wp-block-list\">\n<li><strong>Cognitieve symptomen<\/strong> : verminderde concentratie, moeilijkheden bij het nemen van beslissingen, gevoel van ineffici\u00ebntie of verlies van zingeving. <\/li>\n<\/ul>\n\n\n\n<ul class=\"wp-block-list\">\n<li><strong>Gedragsmatige symptomen<\/strong> : isolement, prikkelbaarheid, zich terugtrekken, verminderde motivatie of een verhoogd gebruik van cafe\u00efne, alcohol of tabak. <\/li>\n<\/ul>\n\n\n\n<p>Deze symptomen tasten de mentale gezondheid aan en kunnen evolueren naar angst- of depressieve stoornissen als er niets wordt ondernomen. De werknemer kan dan in stilte lijden, uit angst als zwak of onbekwaam te worden gezien. Het herkennen van deze fysieke, emotionele, cognitieve en gedragsmatige signalen is essentieel om een verslechtering van de gezondheid te voorkomen en te vermijden dat dit uitmondt in een burn-out.   <\/p>\n\n\n\n<div style=\"height:40px\" aria-hidden=\"true\" class=\"wp-block-spacer\"><\/div>\n\n\n<h2 class=\"wp-block-heading\" id=\"gevolgen-van-stress-voor-de-gezondheid-van-werknemers\"><strong>Gevolgen van stress voor de gezondheid van werknemers<\/strong> <\/h2>\n\n<h3 class=\"wp-block-heading\" id=\"impact-op-de-mentale-gezondheid\"><strong>Impact op de mentale gezondheid<\/strong> <\/h3>\n\n\n<p>Chronische stress leidt tot een geleidelijke <strong>psychologische uitputting<\/strong>. De werknemer voelt zich uitgeput en opgebrand. Dit fenomeen, <strong>emotionele uitputting<\/strong> genoemd, vormt een van de drie pijlers van burn-out, naast depersonalisatie en een gevoel van ineffici\u00ebntie. Ook angst- en depressieve stoornissen kunnen zich langdurig ontwikkelen.    <\/p>\n\n\n\n<p>Werkstress, wanneer die wordt genegeerd, ondermijnt het vertrouwen, het evenwicht en de mentale stabiliteit, en heeft ook een impact op het persoonlijke en familiale leven. <\/p>\n\n\n<h3 class=\"wp-block-heading\" id=\"effets-sur-la-sante-physique\"><strong>Effets sur la Sant\u00e9 Physique<\/strong> <\/h3>\n\n\n<p>Langdurige stress heeft een directe invloed op het lichaam. De voortdurende afscheiding van cortisol en adrenaline verstoort het organisme :  <\/p>\n\n\n\n<ul class=\"wp-block-list\">\n<li>Verhoogde cardiovasculaire risico\u2019s (hypertensie, hartinfarct). <\/li>\n<\/ul>\n\n\n\n<ul class=\"wp-block-list\">\n<li>Spijsverteringsproblemen, slapeloosheid, verzwakking van het immuunsysteem. <\/li>\n<\/ul>\n\n\n\n<ul class=\"wp-block-list\">\n<li>Vroegtijdige veroudering en chronische vermoeidheid. <\/li>\n<\/ul>\n\n\n\n<p>Studies tonen aan dat werknemers die aan voortdurende stress worden blootgesteld een <strong>hoger ziekteverzuim vertonen<\/strong> en een <strong>duidelijk verminderde levenskwaliteit hebben<\/strong>. <\/p>\n\n\n\n<div style=\"height:40px\" aria-hidden=\"true\" class=\"wp-block-spacer\"><\/div>\n\n\n<h2 class=\"wp-block-heading\" id=\"strategieen-voor-het-voorkomen-en-beheersen-van-stress\"><strong>Strategie\u00ebn voor het voorkomen en beheersen van stress<\/strong> <\/h2>\n\n<h3 class=\"wp-block-heading\" id=\"technieken-voor-zelfbeheer-van-stress\"><strong>Technieken voor zelfbeheer van stress<\/strong> <\/h3>\n\n\n<p>De eerste stap bestaat erin om instrumenten voor <strong>emotionele zelfregulatie te ontwikkelen<\/strong> : <\/p>\n\n\n\n<ul class=\"wp-block-list\">\n<li><strong>Bewust ademhalen<\/strong> of meditatie beoefenen om de geest tot rust te brengen. <\/li>\n<\/ul>\n\n\n\n<ul class=\"wp-block-list\">\n<li><strong>Regelmatig lichaamsbeweging<\/strong> doen om spanning te verminderen. <\/li>\n<\/ul>\n\n\n\n<ul class=\"wp-block-list\">\n<li>Het verbeteren van <strong>tijdsbeheer en prioriteiten<\/strong>. <\/li>\n<\/ul>\n\n\n\n<ul class=\"wp-block-list\">\n<li><strong>Digitale ontkoppelingsmomenten<\/strong> cre\u00ebren om op te laden. <\/li>\n<\/ul>\n\n\n\n<ul class=\"wp-block-list\">\n<li><strong>Positieve en ondersteunende sociale relaties <\/strong>op het werk cultiveren. <\/li>\n<\/ul>\n\n\n\n<p>Deze praktijken helpen de <strong>persoonlijke veerkrach<\/strong>t te versterken en beter om te gaan met de dagelijkse druk. <\/p>\n\n\n<h3 class=\"wp-block-heading\" id=\"de-rol-van-organisaties-in-stresspreventie\"><strong>De rol van organisaties in stresspreventie<\/strong> <\/h3>\n\n\n<p>Stresspreventie kan niet uitsluitend op individuen worden afgewenteld. Organisaties hebben een belangrijke <strong>collectieve verantwoordelijkheid<\/strong> in het beheer van het welzijn op het werk.  <\/p>\n\n\n\n<p>Zij kunnen optreden door : <\/p>\n\n\n\n<ul class=\"wp-block-list\">\n<li>Door regelmatig <strong>psychosociale risico\u2019s (PSR)<\/strong> te evalueren en preventiemaatregelen te implementeren. <\/li>\n<\/ul>\n\n\n\n<ul class=\"wp-block-list\">\n<li>Door <strong>managers <\/strong>en werknemers op te leiden in het herkennen van waarschuwingssignalen. <\/li>\n<\/ul>\n\n\n\n<ul class=\"wp-block-list\">\n<li>Door een <strong>cultuur van erkenning en luisterbereidheid<\/strong> te installeren. <\/li>\n<\/ul>\n\n\n\n<ul class=\"wp-block-list\">\n<li>Door het <strong>bevorderen van een evenwicht tussen werk en priv\u00e9leven<\/strong>. <\/li>\n<\/ul>\n\n\n\n<ul class=\"wp-block-list\">\n<li>Door een <strong>gezond sociaal klimaat<\/strong> te bevorderen dat gebaseerd is op vertrouwen en transparantie. <\/li>\n<\/ul>\n\n\n\n<p>Een ondersteunende werkomgeving kan het lijden op het werk aanzienlijk verminderen en duurzame prestaties stimuleren. <\/p>\n\n\n\n<div style=\"height:41px\" aria-hidden=\"true\" class=\"wp-block-spacer\"><\/div>\n\n\n<h2 class=\"wp-block-heading has-h-2-font-size\" id=\"conclusie-naar-een-nieuwe-cultuur-van-welzijn-op-het-werk\"><strong>Conclusie : naar een nieuwe cultuur van welzijn op het werk<\/strong> <\/h2>\n\n\n<p>Le stress au travail est un d\u00e9fi majeur pour les entreprises et les travailleurs. Il s\u2019agit d\u2019un ph\u00e9nom\u00e8ne complexe, influenc\u00e9 entre autre par la culture d\u2019entreprise, les conditions de travail et les relations interpersonnelles. Savoir le reconna\u00eetre, le comprendre et agir \u00e0 temps est une condition essentielle \u00e0 la sant\u00e9 mentale et physique de chacun.   <\/p>\n\n\n\n<p>Investeren in stresspreventie is investeren in collectieve prestaties. Een organisatie die aandacht heeft voor de gezondheid van haar medewerkers bouwt een menselijkere, duurzamere en competitievere structuur op. Het is ook een garantie voor loyaliteit en betrokkenheid.   <\/p>\n\n\n\n<p>Tot slot kan iedereen op zijn eigen niveau handelen: naar zijn behoeften luisteren, zijn grenzen erkennen en een gezonde werkomgeving cultiveren. Welzijn op het werk is geen optie: het vormt de sleutel tot een harmonisch en verantwoord succes.  <\/p>\n\n\n\n<div style=\"height:60px\" aria-hidden=\"true\" class=\"wp-block-spacer\"><\/div>\n\n\n<h3 class=\"wp-block-heading has-text-align-left\" id=\"wil-je-verder-gaan\"><strong>Wil je verder gaan ? <\/strong><\/h3>\n\n\n<p class=\"has-text-align-left\">Neem vandaag nog contact op met de teams van <strong>Balencio <\/strong>om te ontdekken hoe onze oplossingen de prestaties en het welzijn binnen uw organisatie kunnen versterken.<\/p>\n\n\n\n<div class=\"wp-block-buttons is-content-justification-left is-layout-flex wp-container-core-buttons-is-layout-fdcfc74e wp-block-buttons-is-layout-flex\">\n<div class=\"wp-block-button is-style-secondary\"><a class=\"wp-block-button__link has-text-align-left wp-element-button\"><span class=\"popup-trigger popmake-3063 \" data-popup-id=\"3063\" data-do-default=\"0\">Neem contact met ons op<\/span><\/a><\/div>\n<\/div>\n\n\n\n<div style=\"height:47px\" aria-hidden=\"true\" class=\"wp-block-spacer\"><\/div>\n\n\n\n<hr class=\"wp-block-separator has-alpha-channel-opacity\"\/>\n\n\n<h2 class=\"wp-block-heading has-h-2-font-size\" id=\"faq-veelgestelde-vragen-over-werkstress\"><strong>FAQ \u2013 Veelgestelde vragen over werkstress<\/strong><\/h2>\n\n\n<details class=\"wp-block-details is-layout-flow wp-block-details-is-layout-flow\"><summary><strong><strong><strong><strong><strong><strong><strong>Comment reconna\u00eetre les signes de stress professionnel ?<\/strong>&nbsp;<\/strong><\/strong><\/strong><\/strong><\/strong><\/strong><\/summary>\n<p>De tekenen van werkstress zijn onder meer prikkelbaarheid, slaapproblemen, chronische vermoeidheid en concentratieproblemen. De werknemer kan ook een toenemende desinteresse in zijn werk vertonen of zich isoleren. Het observeren van dit gedrag maakt het mogelijk om in te grijpen v\u00f3\u00f3r het ontstaan van een burn-out.   <\/p>\n<\/details>\n\n\n\n<details class=\"wp-block-details is-layout-flow wp-block-details-is-layout-flow\"><summary><strong><strong><strong><strong><strong><strong><strong><strong>Quels sont les principaux risques psychosociaux en entreprise ?<\/strong>&nbsp;<\/strong><\/strong><\/strong><\/strong><\/strong><\/strong><\/strong><\/summary>\n<p>Psychosociale risico\u2019s omvatten zowel factoren die verband houden met de arbeidsorganisatie, de arbeidsomstandigheden, de interpersoonlijke relaties op het werk, de inhoud van het werk als de werkomstandigheden. Wanneer deze factoren een bron van stress vormen voor werknemers (belasting) en zij niet over voldoende middelen beschikken om ermee om te gaan, hebben ze een directe en negatieve impact op de mentale gezondheid, de motivatie en de teamcohesie. Daarom is actieve preventie essentieel.  <\/p>\n<\/details>\n\n\n\n<details class=\"wp-block-details is-layout-flow wp-block-details-is-layout-flow\"><summary><strong><strong><strong><strong><strong><strong><strong>Comment pr\u00e9venir le stress au travail efficacement ?<\/strong>&nbsp;<\/strong><\/strong><\/strong><\/strong><\/strong><\/strong><\/summary>\n<p>Preventie berust op een globale aanpak: een evenwicht tussen werk en priv\u00e9, open communicatie, erkenning, managementondersteuning, enz. Het invoeren van HR-beleid gericht op welzijn vermindert spanningen en verbetert de collectieve prestaties.  <\/p>\n<\/details>\n\n\n\n<details class=\"wp-block-details is-layout-flow wp-block-details-is-layout-flow\"><summary><strong><strong><strong><strong><strong><strong><strong>Quelles sont les cons\u00e9quences du stress sur la sant\u00e9 ?<\/strong>&nbsp;<\/strong><\/strong><\/strong><\/strong><\/strong><\/strong><\/summary>\n<p>Werkstress veroorzaakt fysieke, mentale en emotionele uitputting. Betrokken werknemers lijden aan slaapproblemen, intense vermoeidheid, verlies van zelfvertrouwen en depressie. Een snelle aanpak is noodzakelijk om terugval te voorkomen.   <\/p>\n<\/details>\n\n\n\n<details class=\"wp-block-details is-layout-flow wp-block-details-is-layout-flow\"><summary><strong><strong><strong><strong><strong>Quel r\u00f4le jouent les managers dans la gestion du stress ?<\/strong>&nbsp;<\/strong><\/strong><\/strong><\/strong><\/summary>\n<p>Managers zijn essentieel voor het herkennen van de eerste signalen van stress. Door hun luisterbereidheid, empathie en hun vermogen om de werklast eerlijk te verdelen, bevorderen zij een klimaat van vertrouwen en dragen zij bij aan de preventie van psychosociale risico\u2019s.  <\/p>\n<\/details>\n\n\n\n<hr class=\"wp-block-separator has-alpha-channel-opacity\"\/>\n\n\n\n<p class=\"has-text-align-left\"><\/p>\n\n\n\n<div class=\"wp-block-group is-nowrap is-layout-flex wp-container-core-group-is-layout-ad2f72ca wp-block-group-is-layout-flex\">\n<figure class=\"wp-block-image size-full is-resized\"><img decoding=\"async\" width=\"162\" height=\"162\" src=\"https:\/\/balencio.com\/wp-content\/uploads\/2025\/12\/Caroline.png\" alt=\"Portret van Caroline Iweins\" class=\"wp-image-6665\" style=\"width:46px;height:auto\" srcset=\"https:\/\/balencio.com\/wp-content\/uploads\/2025\/12\/Caroline.png 162w, https:\/\/balencio.com\/wp-content\/uploads\/2025\/12\/Caroline-150x150.png 150w\" sizes=\"(max-width: 162px) 100vw, 162px\" \/><\/figure>\n\n\n\n<div class=\"wp-block-group\"><div class=\"wp-block-group__inner-container is-layout-constrained wp-block-group-is-layout-constrained\"><div style=\"font-style:normal;font-weight:600;\" class=\"wp-block-post-author-name\">Caroline Iweins<\/div>\n\n\n<p class=\"has-balencio-grey-700-color has-text-color has-text-smaller-font-size\">Head of Research & Development<\/p>\n<\/div><\/div>\n<\/div>\n\n\n\n<div style=\"height:0.5rem\" aria-hidden=\"true\" class=\"wp-block-spacer\"><\/div>\n<\/div>\n\n\n\n<div class=\"wp-block-column column--sticky is-layout-flow wp-block-column-is-layout-flow\" style=\"flex-basis:25%\">\n<div class=\"wp-block-grimlock-wrapper  wp-block-grimlock-wrapper--inner-full box--shadowed\" style=\"--grimlock-wrapper-padding-top:2rem;--grimlock-wrapper-padding-right:1rem;--grimlock-wrapper-padding-bottom:2rem;--grimlock-wrapper-padding-left:1rem;--grimlock-wrapper-border-top:1px solid #EAECEF;--grimlock-wrapper-border-bottom:1px solid #EAECEF;--grimlock-wrapper-border-left:1px solid #EAECEF;--grimlock-wrapper-border-right:1px solid #EAECEF;--grimlock-wrapper-border-top-left-radius:27px;--grimlock-wrapper-border-top-right-radius:0px;--grimlock-wrapper-border-bottom-left-radius:27px;--grimlock-wrapper-border-bottom-right-radius:27px\"><div class=\"wp-block-grimlock-wrapper__bg\"><\/div><div class=\"wp-block-grimlock-wrapper__bg-overlay\"><\/div><div class=\"wp-block-grimlock-wrapper__inner\">\n<p class=\"has-text-align-left has-balencio-blue-500-color has-text-color has-h-5-font-size\">Inhoudstafel<\/p>\n\n\n<ul class=\"simpletoc-list\">\n<li><a href=\"#introduction\">Introduction<\/a>\n\n<\/li>\n<li><a href=\"#definitie-van-werkstress\">Definitie van werkstress<\/a>\n\n\n<\/li>\n\n<li><a href=\"#veelvoorkomende-oorzaken-van-werkstress\">Veelvoorkomende oorzaken van werkstress<\/a>\n\n\n<\/li>\n\n<li><a href=\"#tekenen-en-symptomen-van-werkstress\">Tekenen en symptomen van werkstress<\/a>\n\n<\/li>\n<li><a href=\"#gevolgen-van-stress-voor-de-gezondheid-van-werknemers\">Gevolgen van stress voor de gezondheid van werknemers<\/a>\n\n\n<\/li>\n\n<li><a href=\"#strategieen-voor-het-voorkomen-en-beheersen-van-stress\">Strategie\u00ebn voor het voorkomen en beheersen van stress<\/a>\n\n\n<\/li>\n\n<li><a href=\"#conclusie-naar-een-nieuwe-cultuur-van-welzijn-op-het-werk\">Conclusie : naar een nieuwe cultuur van welzijn op het werk<\/a>\n\n\n<li><a href=\"#faq-veelgestelde-vragen-over-werkstress\">FAQ \u2013 Veelgestelde vragen over werkstress<\/a>\n<\/li><\/ul><\/div><\/div>\n\n\n\n<div class=\"wp-block-grimlock-wrapper  wp-block-grimlock-wrapper--inner-full box--shadowed\" style=\"--grimlock-wrapper-margin-top:2rem;--grimlock-wrapper-border-top:0 solid #00000000;--grimlock-wrapper-border-bottom:0 solid #00000000;--grimlock-wrapper-border-left:0 solid #00000000;--grimlock-wrapper-border-right:0 solid #00000000;--grimlock-wrapper-border-top-left-radius:27px;--grimlock-wrapper-border-bottom-left-radius:27px;--grimlock-wrapper-border-bottom-right-radius:27px\"><div class=\"wp-block-grimlock-wrapper__bg\"><\/div><div class=\"wp-block-grimlock-wrapper__bg-overlay\"><\/div><div class=\"wp-block-grimlock-wrapper__inner\">\n<figure class=\"wp-block-image size-full w-100\"><img decoding=\"async\" width=\"2055\" height=\"1479\" src=\"https:\/\/balencio.com\/wp-content\/uploads\/2025\/12\/newsletter-2.png\" alt=\"\" class=\"wp-image-6699\" srcset=\"https:\/\/balencio.com\/wp-content\/uploads\/2025\/12\/newsletter-2.png 2055w, https:\/\/balencio.com\/wp-content\/uploads\/2025\/12\/newsletter-2-300x216.png 300w, https:\/\/balencio.com\/wp-content\/uploads\/2025\/12\/newsletter-2-1024x737.png 1024w, https:\/\/balencio.com\/wp-content\/uploads\/2025\/12\/newsletter-2-768x553.png 768w, https:\/\/balencio.com\/wp-content\/uploads\/2025\/12\/newsletter-2-1536x1105.png 1536w, https:\/\/balencio.com\/wp-content\/uploads\/2025\/12\/newsletter-2-2048x1474.png 2048w, https:\/\/balencio.com\/wp-content\/uploads\/2025\/12\/newsletter-2-1850x1331.png 1850w\" sizes=\"(max-width: 2055px) 100vw, 2055px\" \/><\/figure>\n\n\n\n<div class=\"wp-block-grimlock-wrapper  wp-block-grimlock-wrapper--inner-full\" style=\"--grimlock-wrapper-background-color:linear-gradient(135deg,rgb(148,160,255) 0%,rgb(130,144,253) 100%);--grimlock-wrapper-padding-top:1rem;--grimlock-wrapper-padding-right:1rem;--grimlock-wrapper-padding-bottom:1rem;--grimlock-wrapper-padding-left:1rem;--grimlock-wrapper-border-top:0 solid #00000000;--grimlock-wrapper-border-bottom:0 solid #00000000;--grimlock-wrapper-border-left:0 solid #00000000;--grimlock-wrapper-border-right:0 solid #00000000\"><div class=\"wp-block-grimlock-wrapper__bg\"><\/div><div class=\"wp-block-grimlock-wrapper__bg-overlay\"><\/div><div class=\"wp-block-grimlock-wrapper__inner\">\n<p class=\"has-white-color has-text-color has-text-bigger-font-size\">\n\t\t\t\t\t\t\t\t\t<strong>Het laatste HR-nieuws van Balencio rechtstreeks in uw inbox<\/strong><\/p>\n\n\n\n\n\t\t\t<form id=\"sib_signup_form_4\" method=\"post\" class=\"sib_signup_form\">\n\t\t\t\t<div class=\"sib_loader\" style=\"display:none;\"><img\n\t\t\t\t\t\t\tsrc=\"https:\/\/balencio.com\/wp-includes\/images\/spinner.gif\" alt=\"loader\"><\/div>\n\t\t\t\t<input type=\"hidden\" name=\"sib_form_action\" value=\"subscribe_form_submit\">\n\t\t\t\t<input type=\"hidden\" name=\"sib_form_id\" value=\"4\">\n                <input type=\"hidden\" name=\"sib_form_alert_notice\" value=\"Vul dit veld in.\">\n                <input type=\"hidden\" name=\"sib_form_invalid_email_notice\" value=\"Uw e-mailadres is ongeldig.\">\n                <input type=\"hidden\" name=\"sib_security\" value=\"b3dab4377e\">\n\t\t\t\t<div class=\"sib_signup_box_inside_4\">\n\t\t\t\t\t<div style=\"\/*display:none*\/\" class=\"sib_msg_disp\">\n\t\t\t\t\t<\/div>\n                    \t\t\t\t\t    <label class=\"sib-email-area\">E-mailadres*<\/label> \r\n    <input type=\"email\" class=\"sib-email-area\" name=\"email\" placeholder=\"\" value=\"voornaam.achternaam@bedrijf.com\" required=\"required\"> \r\n<\/p>\r\n<input type=\"checkbox\" name=\"terms\" required=\"required\"> Ik ga akkoord <a href=\"https:\/\/balencio.com\/vie-privee\/\">met het beleid inzake gegevensverwerking en privacy<\/a> \r\n<p class=\"sib-email-area\"> \r\n<p>\r\n    <input type=\"submit\" class=\"sib-default-btn\" value=\"Ik abonneer me\">\r\n<\/p>\t\t\t\t<\/div>\n\t\t\t<\/form>\n\t\t\t<style>\n\t\t\t\tform#sib_signup_form_4 p.sib-alert-message {\n    padding: 6px 12px;\n    margin-bottom: 20px;\n    border: 1px solid transparent;\n    border-radius: 4px;\n    -webkit-box-sizing: border-box;\n    -moz-box-sizing: border-box;\n    box-sizing: border-box;\n}\nform#sib_signup_form_4 p.sib-alert-message-error {\n    background-color: #f2dede;\n    border-color: #ebccd1;\n    color: #a94442;\n}\nform#sib_signup_form_4 p.sib-alert-message-success {\n    background-color: #dff0d8;\n    border-color: #d6e9c6;\n    color: #3c763d;\n}\nform#sib_signup_form_4 p.sib-alert-message-warning {\n    background-color: #fcf8e3;\n    border-color: #faebcc;\n    color: #8a6d3b;\n}\n\t\t\t<\/style>\n\t\t\t\n<\/div><\/div>\n<\/div><\/div>\n<\/div>\n<\/div>\n<\/div><\/div>\n\n<p><\/p>\n","protected":false},"excerpt":{"rendered":"<p>Werkstress treft steeds meer werknemers en heeft een directe impact op de mentale gezondheid, motivatie en prestaties van organisaties. Dit artikel definieert werkstress, bespreekt de oorzaken, symptomen en gevolgen, en geeft vervolgens concrete oplossingen om een burn-out te voorkomen. Het belicht zowel individuele als organisatorische preventiehefbomen om psychosociale risico\u2019s te verminderen en een gezondere en duurzamere werkomgeving op te bouwen.  <\/p>\n","protected":false},"author":4,"featured_media":6891,"comment_status":"closed","ping_status":"closed","sticky":false,"template":"","format":"standard","meta":{"_acf_changed":false,"inline_featured_image":false,"footnotes":""},"categories":[43],"tags":[60],"class_list":["post-8770","post","type-post","status-publish","format-standard","has-post-thumbnail","hentry","category-artikelen","tag-artikelen"],"acf":[],"yoast_head":"<!-- This site is optimized with the Yoast SEO plugin v27.3 - https:\/\/yoast.com\/product\/yoast-seo-wordpress\/ -->\n<title>Werkstress : oorzaken, symptomen en oplossingen om burn-out te voorkomen - Balencio<\/title>\n<meta name=\"description\" content=\"Werkstress : oorzaken, symptomen en concrete oplossingen om burn-out te voorkomen en de mentale gezondheid van werknemers te beschermen.\" \/>\n<meta name=\"robots\" content=\"index, follow, max-snippet:-1, max-image-preview:large, max-video-preview:-1\" \/>\n<link rel=\"canonical\" href=\"https:\/\/balencio.com\/nl\/werkstress-oorzaken-symptomen-en-oplossingen-om-burn-out-te-voorkomen\/\" \/>\n<meta property=\"og:locale\" content=\"nl_NL\" \/>\n<meta property=\"og:type\" content=\"article\" \/>\n<meta property=\"og:title\" content=\"Werkstress : oorzaken, symptomen en oplossingen om burn-out te voorkomen - Balencio\" \/>\n<meta property=\"og:description\" content=\"Werkstress : oorzaken, symptomen en concrete oplossingen om burn-out te voorkomen en de mentale gezondheid van werknemers te beschermen.\" \/>\n<meta property=\"og:url\" content=\"https:\/\/balencio.com\/nl\/werkstress-oorzaken-symptomen-en-oplossingen-om-burn-out-te-voorkomen\/\" \/>\n<meta property=\"og:site_name\" content=\"Balencio\" \/>\n<meta property=\"article:published_time\" content=\"2026-03-09T09:00:00+00:00\" \/>\n<meta property=\"article:modified_time\" content=\"2026-04-29T12:43:05+00:00\" \/>\n<meta property=\"og:image\" content=\"https:\/\/balencio.com\/wp-content\/uploads\/2026\/03\/stress-scaled.png\" \/>\n\t<meta property=\"og:image:width\" content=\"2560\" \/>\n\t<meta property=\"og:image:height\" content=\"1600\" \/>\n\t<meta property=\"og:image:type\" content=\"image\/png\" \/>\n<meta name=\"author\" content=\"Caroline Iweins\" \/>\n<meta name=\"twitter:card\" content=\"summary_large_image\" \/>\n<meta name=\"twitter:label1\" content=\"Geschreven door\" \/>\n\t<meta name=\"twitter:data1\" content=\"Caroline Iweins\" \/>\n\t<meta name=\"twitter:label2\" content=\"Geschatte leestijd\" \/>\n\t<meta name=\"twitter:data2\" content=\"8 minuten\" \/>\n<script type=\"application\/ld+json\" class=\"yoast-schema-graph\">{\"@context\":\"https:\\\/\\\/schema.org\",\"@graph\":[{\"@type\":\"Article\",\"@id\":\"https:\\\/\\\/balencio.com\\\/nl\\\/werkstress-oorzaken-symptomen-en-oplossingen-om-burn-out-te-voorkomen\\\/#article\",\"isPartOf\":{\"@id\":\"https:\\\/\\\/balencio.com\\\/nl\\\/werkstress-oorzaken-symptomen-en-oplossingen-om-burn-out-te-voorkomen\\\/\"},\"author\":{\"name\":\"Caroline Iweins\",\"@id\":\"https:\\\/\\\/balencio.com\\\/nl\\\/#\\\/schema\\\/person\\\/981e06c690bac44a04e96edefdf2e152\"},\"headline\":\"Werkstress : oorzaken, symptomen en oplossingen om burn-out te voorkomen\",\"datePublished\":\"2026-03-09T09:00:00+00:00\",\"dateModified\":\"2026-04-29T12:43:05+00:00\",\"mainEntityOfPage\":{\"@id\":\"https:\\\/\\\/balencio.com\\\/nl\\\/werkstress-oorzaken-symptomen-en-oplossingen-om-burn-out-te-voorkomen\\\/\"},\"wordCount\":1557,\"publisher\":{\"@id\":\"https:\\\/\\\/balencio.com\\\/nl\\\/#organization\"},\"image\":{\"@id\":\"https:\\\/\\\/balencio.com\\\/nl\\\/werkstress-oorzaken-symptomen-en-oplossingen-om-burn-out-te-voorkomen\\\/#primaryimage\"},\"thumbnailUrl\":\"https:\\\/\\\/balencio.com\\\/wp-content\\\/uploads\\\/2026\\\/03\\\/stress-scaled.png\",\"keywords\":[\"Artikelen\"],\"articleSection\":[\"Artikelen\"],\"inLanguage\":\"nl-NL\"},{\"@type\":\"WebPage\",\"@id\":\"https:\\\/\\\/balencio.com\\\/nl\\\/werkstress-oorzaken-symptomen-en-oplossingen-om-burn-out-te-voorkomen\\\/\",\"url\":\"https:\\\/\\\/balencio.com\\\/nl\\\/werkstress-oorzaken-symptomen-en-oplossingen-om-burn-out-te-voorkomen\\\/\",\"name\":\"Werkstress : oorzaken, symptomen en oplossingen om burn-out te voorkomen - Balencio\",\"isPartOf\":{\"@id\":\"https:\\\/\\\/balencio.com\\\/nl\\\/#website\"},\"primaryImageOfPage\":{\"@id\":\"https:\\\/\\\/balencio.com\\\/nl\\\/werkstress-oorzaken-symptomen-en-oplossingen-om-burn-out-te-voorkomen\\\/#primaryimage\"},\"image\":{\"@id\":\"https:\\\/\\\/balencio.com\\\/nl\\\/werkstress-oorzaken-symptomen-en-oplossingen-om-burn-out-te-voorkomen\\\/#primaryimage\"},\"thumbnailUrl\":\"https:\\\/\\\/balencio.com\\\/wp-content\\\/uploads\\\/2026\\\/03\\\/stress-scaled.png\",\"datePublished\":\"2026-03-09T09:00:00+00:00\",\"dateModified\":\"2026-04-29T12:43:05+00:00\",\"description\":\"Werkstress : oorzaken, symptomen en concrete oplossingen om burn-out te voorkomen en de mentale gezondheid van werknemers te beschermen.\",\"breadcrumb\":{\"@id\":\"https:\\\/\\\/balencio.com\\\/nl\\\/werkstress-oorzaken-symptomen-en-oplossingen-om-burn-out-te-voorkomen\\\/#breadcrumb\"},\"inLanguage\":\"nl-NL\",\"potentialAction\":[{\"@type\":\"ReadAction\",\"target\":[\"https:\\\/\\\/balencio.com\\\/nl\\\/werkstress-oorzaken-symptomen-en-oplossingen-om-burn-out-te-voorkomen\\\/\"]}]},{\"@type\":\"ImageObject\",\"inLanguage\":\"nl-NL\",\"@id\":\"https:\\\/\\\/balencio.com\\\/nl\\\/werkstress-oorzaken-symptomen-en-oplossingen-om-burn-out-te-voorkomen\\\/#primaryimage\",\"url\":\"https:\\\/\\\/balencio.com\\\/wp-content\\\/uploads\\\/2026\\\/03\\\/stress-scaled.png\",\"contentUrl\":\"https:\\\/\\\/balencio.com\\\/wp-content\\\/uploads\\\/2026\\\/03\\\/stress-scaled.png\",\"width\":2560,\"height\":1600,\"caption\":\"stress au travail\"},{\"@type\":\"BreadcrumbList\",\"@id\":\"https:\\\/\\\/balencio.com\\\/nl\\\/werkstress-oorzaken-symptomen-en-oplossingen-om-burn-out-te-voorkomen\\\/#breadcrumb\",\"itemListElement\":[{\"@type\":\"ListItem\",\"position\":1,\"name\":\"Home\",\"item\":\"https:\\\/\\\/balencio.com\\\/nl\\\/\"},{\"@type\":\"ListItem\",\"position\":2,\"name\":\"Werkstress : oorzaken, symptomen en oplossingen om burn-out te voorkomen\"}]},{\"@type\":\"WebSite\",\"@id\":\"https:\\\/\\\/balencio.com\\\/nl\\\/#website\",\"url\":\"https:\\\/\\\/balencio.com\\\/nl\\\/\",\"name\":\"Balencio\",\"description\":\"Expert en gestion du capital humain\",\"publisher\":{\"@id\":\"https:\\\/\\\/balencio.com\\\/nl\\\/#organization\"},\"potentialAction\":[{\"@type\":\"SearchAction\",\"target\":{\"@type\":\"EntryPoint\",\"urlTemplate\":\"https:\\\/\\\/balencio.com\\\/nl\\\/?s={search_term_string}\"},\"query-input\":{\"@type\":\"PropertyValueSpecification\",\"valueRequired\":true,\"valueName\":\"search_term_string\"}}],\"inLanguage\":\"nl-NL\"},{\"@type\":\"Organization\",\"@id\":\"https:\\\/\\\/balencio.com\\\/nl\\\/#organization\",\"name\":\"Balencio\",\"url\":\"https:\\\/\\\/balencio.com\\\/nl\\\/\",\"logo\":{\"@type\":\"ImageObject\",\"inLanguage\":\"nl-NL\",\"@id\":\"https:\\\/\\\/balencio.com\\\/nl\\\/#\\\/schema\\\/logo\\\/image\\\/\",\"url\":\"https:\\\/\\\/balencio.com\\\/wp-content\\\/uploads\\\/2023\\\/06\\\/logo.svg\",\"contentUrl\":\"https:\\\/\\\/balencio.com\\\/wp-content\\\/uploads\\\/2023\\\/06\\\/logo.svg\",\"width\":\"1024\",\"height\":\"1024\",\"caption\":\"Balencio\"},\"image\":{\"@id\":\"https:\\\/\\\/balencio.com\\\/nl\\\/#\\\/schema\\\/logo\\\/image\\\/\"},\"sameAs\":[\"https:\\\/\\\/be.linkedin.com\\\/company\\\/balencio\"]},{\"@type\":\"Person\",\"@id\":\"https:\\\/\\\/balencio.com\\\/nl\\\/#\\\/schema\\\/person\\\/981e06c690bac44a04e96edefdf2e152\",\"name\":\"Caroline Iweins\",\"image\":{\"@type\":\"ImageObject\",\"inLanguage\":\"nl-NL\",\"@id\":\"https:\\\/\\\/secure.gravatar.com\\\/avatar\\\/c44293183b2151a3fca831cda0ad29ac55754736b1aab68d1c67822cb3f8e005?s=96&d=mm&r=g\",\"url\":\"https:\\\/\\\/secure.gravatar.com\\\/avatar\\\/c44293183b2151a3fca831cda0ad29ac55754736b1aab68d1c67822cb3f8e005?s=96&d=mm&r=g\",\"contentUrl\":\"https:\\\/\\\/secure.gravatar.com\\\/avatar\\\/c44293183b2151a3fca831cda0ad29ac55754736b1aab68d1c67822cb3f8e005?s=96&d=mm&r=g\",\"caption\":\"Caroline Iweins\"},\"description\":\"Caroline Iweins est Docteure en psychologie du travail et charg\u00e9e de cours invit\u00e9e \u00e0 l\u2019UCLouvain, o\u00f9 elle enseigne la gestion des risques psychosociaux. Elle est \u00e9galement Responsable Recherche &amp; D\u00e9veloppement chez Balencio, o\u00f9 elle met son expertise scientifique au service de la conception d\u2019outils innovants d\u00e9di\u00e9s \u00e0 la mesure et \u00e0 la pr\u00e9vention du bien-\u00eatre au travail. Ses travaux portent sur la pr\u00e9vention du stress professionnel, la d\u00e9tection du burnout et l\u2019am\u00e9lioration du climat organisationnel. Passionn\u00e9e par le lien entre science et pratique, elle \u0153uvre \u00e0 rapprocher la recherche acad\u00e9mique des r\u00e9alit\u00e9s du terrain pour aider les entreprises \u00e0 d\u00e9velopper des environnements de travail sains, durables et performants. Caroline Iweins est \u00e9galement auteure de l\u2019ouvrage \u201cD\u00e9tecter et pr\u00e9venir le burnout\u201d, publi\u00e9 aux \u00c9ditions Mardaga, dans lequel elle partage des cl\u00e9s scientifiques et pratiques pour comprendre, rep\u00e9rer et agir face au burnout.\",\"url\":\"https:\\\/\\\/balencio.com\\\/nl\\\/author\\\/marketing\\\/\"}]}<\/script>\n<!-- \/ Yoast SEO plugin. -->","yoast_head_json":{"title":"Werkstress : oorzaken, symptomen en oplossingen om burn-out te voorkomen - Balencio","description":"Werkstress : oorzaken, symptomen en concrete oplossingen om burn-out te voorkomen en de mentale gezondheid van werknemers te beschermen.","robots":{"index":"index","follow":"follow","max-snippet":"max-snippet:-1","max-image-preview":"max-image-preview:large","max-video-preview":"max-video-preview:-1"},"canonical":"https:\/\/balencio.com\/nl\/werkstress-oorzaken-symptomen-en-oplossingen-om-burn-out-te-voorkomen\/","og_locale":"nl_NL","og_type":"article","og_title":"Werkstress : oorzaken, symptomen en oplossingen om burn-out te voorkomen - Balencio","og_description":"Werkstress : oorzaken, symptomen en concrete oplossingen om burn-out te voorkomen en de mentale gezondheid van werknemers te beschermen.","og_url":"https:\/\/balencio.com\/nl\/werkstress-oorzaken-symptomen-en-oplossingen-om-burn-out-te-voorkomen\/","og_site_name":"Balencio","article_published_time":"2026-03-09T09:00:00+00:00","article_modified_time":"2026-04-29T12:43:05+00:00","og_image":[{"width":2560,"height":1600,"url":"https:\/\/balencio.com\/wp-content\/uploads\/2026\/03\/stress-scaled.png","type":"image\/png"}],"author":"Caroline Iweins","twitter_card":"summary_large_image","twitter_misc":{"Geschreven door":"Caroline Iweins","Geschatte leestijd":"8 minuten"},"schema":{"@context":"https:\/\/schema.org","@graph":[{"@type":"Article","@id":"https:\/\/balencio.com\/nl\/werkstress-oorzaken-symptomen-en-oplossingen-om-burn-out-te-voorkomen\/#article","isPartOf":{"@id":"https:\/\/balencio.com\/nl\/werkstress-oorzaken-symptomen-en-oplossingen-om-burn-out-te-voorkomen\/"},"author":{"name":"Caroline Iweins","@id":"https:\/\/balencio.com\/nl\/#\/schema\/person\/981e06c690bac44a04e96edefdf2e152"},"headline":"Werkstress : oorzaken, symptomen en oplossingen om burn-out te voorkomen","datePublished":"2026-03-09T09:00:00+00:00","dateModified":"2026-04-29T12:43:05+00:00","mainEntityOfPage":{"@id":"https:\/\/balencio.com\/nl\/werkstress-oorzaken-symptomen-en-oplossingen-om-burn-out-te-voorkomen\/"},"wordCount":1557,"publisher":{"@id":"https:\/\/balencio.com\/nl\/#organization"},"image":{"@id":"https:\/\/balencio.com\/nl\/werkstress-oorzaken-symptomen-en-oplossingen-om-burn-out-te-voorkomen\/#primaryimage"},"thumbnailUrl":"https:\/\/balencio.com\/wp-content\/uploads\/2026\/03\/stress-scaled.png","keywords":["Artikelen"],"articleSection":["Artikelen"],"inLanguage":"nl-NL"},{"@type":"WebPage","@id":"https:\/\/balencio.com\/nl\/werkstress-oorzaken-symptomen-en-oplossingen-om-burn-out-te-voorkomen\/","url":"https:\/\/balencio.com\/nl\/werkstress-oorzaken-symptomen-en-oplossingen-om-burn-out-te-voorkomen\/","name":"Werkstress : oorzaken, symptomen en oplossingen om burn-out te voorkomen - Balencio","isPartOf":{"@id":"https:\/\/balencio.com\/nl\/#website"},"primaryImageOfPage":{"@id":"https:\/\/balencio.com\/nl\/werkstress-oorzaken-symptomen-en-oplossingen-om-burn-out-te-voorkomen\/#primaryimage"},"image":{"@id":"https:\/\/balencio.com\/nl\/werkstress-oorzaken-symptomen-en-oplossingen-om-burn-out-te-voorkomen\/#primaryimage"},"thumbnailUrl":"https:\/\/balencio.com\/wp-content\/uploads\/2026\/03\/stress-scaled.png","datePublished":"2026-03-09T09:00:00+00:00","dateModified":"2026-04-29T12:43:05+00:00","description":"Werkstress : oorzaken, symptomen en concrete oplossingen om burn-out te voorkomen en de mentale gezondheid van werknemers te beschermen.","breadcrumb":{"@id":"https:\/\/balencio.com\/nl\/werkstress-oorzaken-symptomen-en-oplossingen-om-burn-out-te-voorkomen\/#breadcrumb"},"inLanguage":"nl-NL","potentialAction":[{"@type":"ReadAction","target":["https:\/\/balencio.com\/nl\/werkstress-oorzaken-symptomen-en-oplossingen-om-burn-out-te-voorkomen\/"]}]},{"@type":"ImageObject","inLanguage":"nl-NL","@id":"https:\/\/balencio.com\/nl\/werkstress-oorzaken-symptomen-en-oplossingen-om-burn-out-te-voorkomen\/#primaryimage","url":"https:\/\/balencio.com\/wp-content\/uploads\/2026\/03\/stress-scaled.png","contentUrl":"https:\/\/balencio.com\/wp-content\/uploads\/2026\/03\/stress-scaled.png","width":2560,"height":1600,"caption":"stress au travail"},{"@type":"BreadcrumbList","@id":"https:\/\/balencio.com\/nl\/werkstress-oorzaken-symptomen-en-oplossingen-om-burn-out-te-voorkomen\/#breadcrumb","itemListElement":[{"@type":"ListItem","position":1,"name":"Home","item":"https:\/\/balencio.com\/nl\/"},{"@type":"ListItem","position":2,"name":"Werkstress : oorzaken, symptomen en oplossingen om burn-out te voorkomen"}]},{"@type":"WebSite","@id":"https:\/\/balencio.com\/nl\/#website","url":"https:\/\/balencio.com\/nl\/","name":"Balencio","description":"Expert en gestion du capital humain","publisher":{"@id":"https:\/\/balencio.com\/nl\/#organization"},"potentialAction":[{"@type":"SearchAction","target":{"@type":"EntryPoint","urlTemplate":"https:\/\/balencio.com\/nl\/?s={search_term_string}"},"query-input":{"@type":"PropertyValueSpecification","valueRequired":true,"valueName":"search_term_string"}}],"inLanguage":"nl-NL"},{"@type":"Organization","@id":"https:\/\/balencio.com\/nl\/#organization","name":"Balencio","url":"https:\/\/balencio.com\/nl\/","logo":{"@type":"ImageObject","inLanguage":"nl-NL","@id":"https:\/\/balencio.com\/nl\/#\/schema\/logo\/image\/","url":"https:\/\/balencio.com\/wp-content\/uploads\/2023\/06\/logo.svg","contentUrl":"https:\/\/balencio.com\/wp-content\/uploads\/2023\/06\/logo.svg","width":"1024","height":"1024","caption":"Balencio"},"image":{"@id":"https:\/\/balencio.com\/nl\/#\/schema\/logo\/image\/"},"sameAs":["https:\/\/be.linkedin.com\/company\/balencio"]},{"@type":"Person","@id":"https:\/\/balencio.com\/nl\/#\/schema\/person\/981e06c690bac44a04e96edefdf2e152","name":"Caroline Iweins","image":{"@type":"ImageObject","inLanguage":"nl-NL","@id":"https:\/\/secure.gravatar.com\/avatar\/c44293183b2151a3fca831cda0ad29ac55754736b1aab68d1c67822cb3f8e005?s=96&d=mm&r=g","url":"https:\/\/secure.gravatar.com\/avatar\/c44293183b2151a3fca831cda0ad29ac55754736b1aab68d1c67822cb3f8e005?s=96&d=mm&r=g","contentUrl":"https:\/\/secure.gravatar.com\/avatar\/c44293183b2151a3fca831cda0ad29ac55754736b1aab68d1c67822cb3f8e005?s=96&d=mm&r=g","caption":"Caroline Iweins"},"description":"Caroline Iweins est Docteure en psychologie du travail et charg\u00e9e de cours invit\u00e9e \u00e0 l\u2019UCLouvain, o\u00f9 elle enseigne la gestion des risques psychosociaux. Elle est \u00e9galement Responsable Recherche &amp; D\u00e9veloppement chez Balencio, o\u00f9 elle met son expertise scientifique au service de la conception d\u2019outils innovants d\u00e9di\u00e9s \u00e0 la mesure et \u00e0 la pr\u00e9vention du bien-\u00eatre au travail. Ses travaux portent sur la pr\u00e9vention du stress professionnel, la d\u00e9tection du burnout et l\u2019am\u00e9lioration du climat organisationnel. Passionn\u00e9e par le lien entre science et pratique, elle \u0153uvre \u00e0 rapprocher la recherche acad\u00e9mique des r\u00e9alit\u00e9s du terrain pour aider les entreprises \u00e0 d\u00e9velopper des environnements de travail sains, durables et performants. Caroline Iweins est \u00e9galement auteure de l\u2019ouvrage \u201cD\u00e9tecter et pr\u00e9venir le burnout\u201d, publi\u00e9 aux \u00c9ditions Mardaga, dans lequel elle partage des cl\u00e9s scientifiques et pratiques pour comprendre, rep\u00e9rer et agir face au burnout.","url":"https:\/\/balencio.com\/nl\/author\/marketing\/"}]}},"_links":{"self":[{"href":"https:\/\/balencio.com\/nl\/wp-json\/wp\/v2\/posts\/8770","targetHints":{"allow":["GET"]}}],"collection":[{"href":"https:\/\/balencio.com\/nl\/wp-json\/wp\/v2\/posts"}],"about":[{"href":"https:\/\/balencio.com\/nl\/wp-json\/wp\/v2\/types\/post"}],"author":[{"embeddable":true,"href":"https:\/\/balencio.com\/nl\/wp-json\/wp\/v2\/users\/4"}],"replies":[{"embeddable":true,"href":"https:\/\/balencio.com\/nl\/wp-json\/wp\/v2\/comments?post=8770"}],"version-history":[{"count":2,"href":"https:\/\/balencio.com\/nl\/wp-json\/wp\/v2\/posts\/8770\/revisions"}],"predecessor-version":[{"id":8772,"href":"https:\/\/balencio.com\/nl\/wp-json\/wp\/v2\/posts\/8770\/revisions\/8772"}],"wp:featuredmedia":[{"embeddable":true,"href":"https:\/\/balencio.com\/nl\/wp-json\/wp\/v2\/media\/6891"}],"wp:attachment":[{"href":"https:\/\/balencio.com\/nl\/wp-json\/wp\/v2\/media?parent=8770"}],"wp:term":[{"taxonomy":"category","embeddable":true,"href":"https:\/\/balencio.com\/nl\/wp-json\/wp\/v2\/categories?post=8770"},{"taxonomy":"post_tag","embeddable":true,"href":"https:\/\/balencio.com\/nl\/wp-json\/wp\/v2\/tags?post=8770"}],"curies":[{"name":"wp","href":"https:\/\/api.w.org\/{rel}","templated":true}]}}