{"id":8758,"date":"2026-03-23T10:00:00","date_gmt":"2026-03-23T09:00:00","guid":{"rendered":"https:\/\/balencio.com\/qvt-vragenlijst-een-strategisch-instrument-om-welzijn-en-prestaties-op-het-werk-te-versterken\/"},"modified":"2026-04-24T16:51:44","modified_gmt":"2026-04-24T14:51:44","slug":"qvt-vragenlijst-een-strategisch-instrument-om-welzijn-en-prestaties-op-het-werk-te-versterken","status":"publish","type":"post","link":"https:\/\/balencio.com\/nl\/qvt-vragenlijst-een-strategisch-instrument-om-welzijn-en-prestaties-op-het-werk-te-versterken\/","title":{"rendered":"QVT-vragenlijst : een strategisch instrument om welzijn en prestaties op het werk te versterken"},"content":{"rendered":"\n<div class=\"wp-block-grimlock-wrapper alignfull  wp-block-grimlock-wrapper--inner-narrower\" style=\"--grimlock-wrapper-background-color:#F8F9FA;--grimlock-wrapper-margin-bottom:0rem;--grimlock-wrapper-padding-top:2rem;--grimlock-wrapper-border-top:0 solid #00000000;--grimlock-wrapper-border-bottom:0 solid #00000000;--grimlock-wrapper-border-left:0 solid #00000000;--grimlock-wrapper-border-right:0 solid #00000000\"><div class=\"wp-block-grimlock-wrapper__bg\"><\/div><div class=\"wp-block-grimlock-wrapper__bg-overlay\"><\/div><div class=\"wp-block-grimlock-wrapper__inner\"><div style=\"font-style:normal;font-weight:500;text-transform:uppercase\" class=\"taxonomy-category has-text-align-center wp-block-post-terms has-text-color has-black-color has-text-bigger-font-size\"><a href=\"https:\/\/balencio.com\/nl\/bronnen\/artikelen\/\" rel=\"tag\">Artikelen<\/a><\/div>\n\n\n<div style=\"height:1rem\" aria-hidden=\"true\" class=\"wp-block-spacer\"><\/div>\n\n\n<h1 class=\"has-text-align-center wp-block-post-title\">QVT-vragenlijst : een strategisch instrument om welzijn en prestaties op het werk te versterken<\/h1>\n\n\t\t\t<div  class=\" wp-block-grimlock-divider alignfull grimlock-divider grimlock-divider--flip-shape-horizontally grimlock-divider--align-icon-center-center\" style=\"--grimlock-divider-shape-color:#F8F9FA;--grimlock-divider-icon-color:#000000;--grimlock-divider-background-color:#fefefe;--grimlock-divider-icon-size:20px;--grimlock-divider-height:100px;--grimlock-divider-margin-top:0px;--grimlock-divider-margin-bottom:0px;z-index:0;\"  >\n\t\t\t\t\n\t\t\t<div class=\"grimlock-divider__icon\">\n\n\t\t\t\t<svg width=\"40\" height=\"40\" xmlns=\"http:\/\/www.w3.org\/2000\/svg\" viewBox=\"0 0 40 40\"><\/svg>\n\n\t\t\t<\/div>\n\n\t\t\t\t\t\t\n\t\t\t<div class=\"grimlock-divider__shape\">\n\t\t\t\t<svg viewBox=\"0 0 1600 200\" xmlns=\"http:\/\/www.w3.org\/2000\/svg\" preserveAspectRatio=\"none\" class=\"grimlock-divider-svg grimlock-divider-svg--curve\" aria-hidden=\"true\"><path d=\"M1610 177.3C1423 122.9 1133.3 88 808 88c-334.7 0-631.8 37-818 94.1v28h1620v-32.8z\"><\/path><\/svg>\n\t\t\t<\/div>\n\n\t\t\t\t\t<\/div>\n\t\t<\/div><\/div>\n\n<div class=\"wp-block-grimlock-wrapper alignfull  wp-block-grimlock-wrapper--inner-narrow\" style=\"--grimlock-wrapper-border-top:0 solid #00000000;--grimlock-wrapper-border-bottom:0 solid #00000000;--grimlock-wrapper-border-left:0 solid #00000000;--grimlock-wrapper-border-right:0 solid #00000000;--grimlock-wrapper-overflow:visible\"><div class=\"wp-block-grimlock-wrapper__bg\"><\/div><div class=\"wp-block-grimlock-wrapper__bg-overlay\"><\/div><div class=\"wp-block-grimlock-wrapper__inner\">\n<div class=\"wp-block-group has-balencio-grey-600-color has-text-color has-text-smaller-font-size is-content-justification-center is-nowrap is-layout-flex wp-container-core-group-is-layout-80041ad0 wp-block-group-is-layout-flex\">\n<div class=\"wp-block-group\"><div class=\"wp-block-group__inner-container is-layout-constrained wp-block-group-is-layout-constrained\">\n<p>Post\u00e9 le<\/p>\n<\/div><\/div>\n\n\n<div class=\"has-text-align-left wp-block-post-date\"><time datetime=\"2026-03-23T10:00:00+01:00\">23 maart 2026<\/time><\/div><\/div>\n\n\n\n<div style=\"height:1rem\" aria-hidden=\"true\" class=\"wp-block-spacer wp-embed-aspect-16-9 wp-has-aspect-ratio\"><\/div>\n\n\n\n<p class=\"has-text-align-center wp-embed-aspect-16-9 wp-has-aspect-ratio has-balencio-blue-500-color has-text-color\" style=\"font-style:normal;font-weight:500\"><span class=\"span-reading-time rt-reading-time\"><span class=\"rt-label rt-prefix\"><\/span> <span class=\"rt-time\"> 5<\/span> <span class=\"rt-label rt-postfix\"><\/span><\/span> minuten leestijd<\/p>\n\n\n\n<div style=\"height:1rem\" aria-hidden=\"true\" class=\"wp-block-spacer wp-embed-aspect-16-9 wp-has-aspect-ratio\"><\/div>\n\n\n<figure style=\"width:100%;\" class=\"wp-embed-aspect-16-9 wp-has-aspect-ratio wp-block-post-featured-image\"><img decoding=\"async\" width=\"2560\" height=\"1600\" src=\"https:\/\/balencio.com\/wp-content\/uploads\/2025\/12\/QVT-scaled.png\" class=\"attachment-full size-full wp-post-image\" alt=\"questionnaire QVT\" style=\"object-fit:cover;\" srcset=\"https:\/\/balencio.com\/wp-content\/uploads\/2025\/12\/QVT-scaled.png 2560w, https:\/\/balencio.com\/wp-content\/uploads\/2025\/12\/QVT-300x188.png 300w, https:\/\/balencio.com\/wp-content\/uploads\/2025\/12\/QVT-1024x640.png 1024w, https:\/\/balencio.com\/wp-content\/uploads\/2025\/12\/QVT-768x480.png 768w, https:\/\/balencio.com\/wp-content\/uploads\/2025\/12\/QVT-1536x960.png 1536w, https:\/\/balencio.com\/wp-content\/uploads\/2025\/12\/QVT-2048x1280.png 2048w, https:\/\/balencio.com\/wp-content\/uploads\/2025\/12\/QVT-1850x1156.png 1850w\" sizes=\"(max-width: 2560px) 100vw, 2560px\" \/><\/figure>\n\n\n<div style=\"height:64px\" aria-hidden=\"true\" class=\"wp-block-spacer wp-embed-aspect-16-9 wp-has-aspect-ratio\"><\/div>\n\n\n\n<div class=\"wp-block-columns is-not-stacked-on-mobile wp-embed-aspect-16-9 wp-has-aspect-ratio is-layout-flex wp-container-core-columns-is-layout-9d6595d7 wp-block-columns-is-layout-flex\">\n<div class=\"wp-block-column is-layout-flow wp-block-column-is-layout-flow\" style=\"flex-basis:75%\"><h2 class=\"wp-block-heading\" id=\"inleiding-tot-de-kwaliteit-van-het-werkleven\"><strong>Inleiding tot de kwaliteit van het werkleven<\/strong> <\/h2>\n\n\n<p>De <strong>kwaliteit van het werkleven (QVT)<\/strong> is vandaag een belangrijke pijler van het HR-beleid. Ze weerspiegelt het vermogen van een organisatie om een gezonde, stimulerende en zinvolle werkomgeving te bieden. Meer dan een sociale aanpak is QVT een echte <strong>hefboom voor globale prestaties<\/strong>, waarbij individueel welzijn wordt verbonden met collectieve effici\u00ebntie.   <\/p>\n\n\n<h3 class=\"wp-block-heading\" id=\"definitie-en-reikwijdte-van-qvt\"><strong>Definitie en reikwijdte van QVT<\/strong> <\/h3>\n\n\n<p>QVT verwijst naar alle voorwaarden die medewerkers in staat stellen zich te ontplooien in hun professionele activiteit. Ze omvat onder meer de fysieke en mentale gezondheid, de balans tussen werk en priv\u00e9leven, erkenning, communicatie en het sociale klimaat.<br\/>Een succesvol QVT-beleid heeft als doel een <strong>positieve werkcultuur<\/strong> te cre\u00ebren, gebaseerd op vertrouwen en preventie.  <\/p>\n\n\n<h3 class=\"wp-block-heading\" id=\"waarom-is-qvt-essentieel\"><strong>Waarom is QVT essentieel ?<\/strong> <\/h3>\n\n\n<p>Bedrijven die welzijn centraal stellen in hun strategie zien een <strong>hogere productiviteit<\/strong>, een<strong> lager verloop<\/strong> en <strong>minder absente\u00efsme.<\/strong><br\/>Medewerkers die meer worden gehoord en betrokken, ontwikkelen een sterker gevoel van verbondenheid. QVT wordt zo een motor voor cohesie en aantrekkelijkheid van de organisatie.  <\/p>\n\n\n<h3 class=\"wp-block-heading\" id=\"de-belangrijkste-componenten-van-qvt\"><strong>De belangrijkste componenten van QVT<\/strong> <\/h3>\n\n\n<p>De kwaliteit van het werkleven steunt op zes pijlers : <\/p>\n\n\n\n<ul class=\"wp-block-list\">\n<li>Het <strong>relationele klimaat<\/strong> en het wederzijds vertrouwen (d.w.z. de kwaliteit van de relaties met collega\u2019s en met de hi\u00ebrarchie). <\/li>\n<\/ul>\n\n\n\n<ul class=\"wp-block-list\">\n<li>De inhoud en <strong>organisatie van het werk<\/strong> (bijvoorbeeld duidelijkheid van de opdrachten, autonomie, zingeving en werkdruk). <\/li>\n<\/ul>\n\n\n\n<ul class=\"wp-block-list\">\n<li>De gezondheid en arbeidsomstandigheden (bijvoorbeeld veiligheid, mentale gezondheid, ergonomie en de fysieke werkomgeving). <\/li>\n<\/ul>\n\n\n\n<ul class=\"wp-block-list\">\n<li>Gelijke beroepskansen (bijvoorbeeld gelijke kansen en gelijke behandeling). <\/li>\n<\/ul>\n\n\n\n<ul class=\"wp-block-list\">\n<li>De ontwikkeling van vaardigheden en loopbanen (bijvoorbeeld opleidings- en ontwikkelingsmogelijkheden, en carri\u00e8reperspectieven). <\/li>\n<\/ul>\n\n\n\n<ul class=\"wp-block-list\">\n<li>Het bedrijfsproject en management (bijvoorbeeld de managementstijl, deelname aan besluitvorming en communicatie). <br\/> <\/li>\n<\/ul>\n\n\n\n<p>Het meten van deze dimensies via een <strong>gestructureerde vragenlijst<\/strong> maakt het mogelijk om een nauwkeurige diagnose te krijgen van de interne beleving van medewerkers en zo acties te implementeren die aansluiten bij hun behoeften. <\/p>\n\n\n\n<div style=\"height:41px\" aria-hidden=\"true\" class=\"wp-block-spacer\"><\/div>\n\n\n<h2 class=\"wp-block-heading\" id=\"relatie-tussen-qvt-en-organisatorische-prestatie\"><strong>Relatie tussen QVT en organisatorische prestatie<\/strong> <\/h2>\n\n<h3 class=\"wp-block-heading\" id=\"invloed-op-productiviteit\"><strong>Invloed op productiviteit<\/strong> <\/h3>\n\n\n<p>Tevreden en goed functionerende medewerkers zijn meer betrokken, geconcentreerd en creatief. Een gestructureerde QVT-aanpak verbetert de <strong>operationele prestaties<\/strong> door onder meer autonomie, duidelijkheid van de opdrachten en erkenning van geleverd werk te versterken.  <\/p>\n\n\n<h3 class=\"wp-block-heading\" id=\"impact-op-verloop-en-aantrekkelijkheid\"><strong>Impact op verloop en aantrekkelijkheid<\/strong> <\/h3>\n\n\n<p>Aandacht voor welzijn draagt bij aan het behoud van talent en vermindert ongewenste uitstroom.<br\/>Bedrijven die als zorgzaam worden ervaren, ontwikkelen zich tot <strong>sterke werkgeversmerken<\/strong> en trekken op natuurlijke wijze nieuwe, gemotiveerde profielen aan. <\/p>\n\n\n<h3 class=\"wp-block-heading\" id=\"engagement-en-sociaal-klimaat\"><strong>Engagement en sociaal klimaat<\/strong> <\/h3>\n\n\n<p>Een evenwichtige werkomgeving stimuleert de motivatie. QVT-enqu\u00eates maken <strong>het mogelijk om de mate van betrokkenheid te meten<\/strong> en de hefbomen van tevredenheid te identificeren die versterkt moeten worden.  <\/p>\n\n\n\n<div style=\"height:40px\" aria-hidden=\"true\" class=\"wp-block-spacer\"><\/div>\n\n\n<h2 class=\"wp-block-heading\" id=\"normen-en-wettelijk-kader-van-qvt\"><strong>Normen en wettelijk kader van QVT<\/strong> <\/h2>\n\n<h3 class=\"wp-block-heading\" id=\"verplichtingen-van-bedrijven\"><strong>Verplichtingen van bedrijven<\/strong> <\/h3>\n\n\n<p>In Belgi\u00eb, Frankrijk en Luxemburg maakt QVT deel uit van een logica van<strong> preventie van psychosociale risico\u2019s<\/strong>.<br\/>Werkgevers hebben een <strong>zorgplicht<\/strong> voor de mentale en fysieke gezondheid van hun medewerkers, wat inhoudt dat zij concrete en meetbare acties moeten implementeren. <\/p>\n\n\n\n<p>De <strong>QVT-vragenlijst<\/strong> is een doeltreffend instrument om vroege <strong>signalen van stress of uitputting te detecteren<\/strong>. Door spanningsfactoren te identificeren, kan de organisatie preventief handelen in plaats van corrigerend.  <\/p>\n\n\n<h3 class=\"wp-block-heading\" id=\"evaluatie-en-opvolging\"><strong>Evaluatie en opvolging<\/strong> <\/h3>\n\n\n<p>De resultaten van de vragenlijsten voeden de <strong>sociale rapporten en de MVO\/RSE-rapportering<\/strong>. Deze transparantie versterkt de geloofwaardigheid van het management en stimuleert een cultuur van continue verbetering.  <\/p>\n\n\n\n<div style=\"height:40px\" aria-hidden=\"true\" class=\"wp-block-spacer\"><\/div>\n\n\n<h2 class=\"wp-block-heading\" id=\"qvtvragenlijsten-typologieen-en-doelstellingen\"><strong>QVT-vragenlijsten : typologie\u00ebn en doelstellingen<\/strong> <\/h2>\n\n<h3 class=\"wp-block-heading\" id=\"verschillende-types-vragenlijsten\"><strong>Verschillende types vragenlijsten :<\/strong> <\/h3>\n\n\n<ul class=\"wp-block-list\">\n<li><strong>Tevredenheidsvragenlijst<\/strong> <\/li>\n<\/ul>\n\n\n\n<p>Het evalueert de tevredenheid van werknemers ten aanzien van een reeks factoren die verband houden met hun werk (bijvoorbeeld aangeboden opleidingen, werklast, zingeving en de waarden van de organisatie). <\/p>\n\n\n\n<ul class=\"wp-block-list\">\n<li><strong>Vragenlijst over welzijn en gezondheid<\/strong> <\/li>\n<\/ul>\n\n\n\n<p>Het is gericht op de mentale en fysieke gezondheid en identificeert bronnen van stress en uitputting door zowel de professionele als individuele risicofactoren van werknemers te bevragen. <\/p>\n\n\n\n<ul class=\"wp-block-list\">\n<li><strong>Vragenlijst voor de preventie van psychosociale risico\u2019s (RPS)<\/strong> <\/li>\n<\/ul>\n\n\n\n<p>Dit instrument helpt<strong> psychosociale risico\u2019s op het werk te identificeren zoals gedefinieerd in de relevante wetgeving<\/strong> en om aangepaste actieplannen te sturen. <\/p>\n\n\n\n<p>Al deze vragenlijsten hebben als gemeenschappelijk doel om de bronnen van stress of ontevredenheid bij werknemers (d.w.z. de belastende factoren) en de energiebronnen (d.w.z. de hulpbronnen) te identificeren, met als doel een evenwicht tussen beide te herstellen en het welzijn op het werk te garanderen. <\/p>\n\n\n<h3 class=\"wp-block-heading\" id=\"hoofddoelstellingen\"><strong>Hoofddoelstellingen<\/strong> <\/h3>\n\n\n<ul class=\"wp-block-list\">\n<li><strong>Verbeterpunten opsporen<\/strong> met betrekking tot het sociale klimaat (namelijk het identificeren van de belastende factoren die moeten worden verminderd of weggenomen, en de hulpbronnen die moeten worden behouden of versterkt). <\/li>\n<\/ul>\n\n\n\n<ul class=\"wp-block-list\">\n<li>De <strong>perceptie van werknemers<\/strong> over hun werkomgeving begrijpen. <\/li>\n<\/ul>\n\n\n\n<ul class=\"wp-block-list\">\n<li>De <strong>evolutie van hun welzijn in de tijd opvolgen<\/strong> en zo de impact van genomen maatregelen evalueren. <br\/> <\/li>\n<\/ul>\n\n\n<h3 class=\"wp-block-heading\" id=\"het-belang-van-anonimiteit\"><strong>Het belang van anonimiteit<\/strong> <\/h3>\n\n\n<p>Het waarborgen van anonimiteit versterkt de<strong> betrouwbaarheid van de antwoorden<\/strong>. Werknemers kunnen zich vrijer uitdrukken, omdat ze weten dat hun antwoorden vertrouwelijk blijven en worden gebruikt in een collectieve logica van verbetering. <\/p>\n\n\n\n<div style=\"height:40px\" aria-hidden=\"true\" class=\"wp-block-spacer\"><\/div>\n\n\n<h2 class=\"wp-block-heading\" id=\"een-effectieve-qvtvragenlijst-ontwerpen\"><strong>Een effectieve QVT-vragenlijst ontwerpen<\/strong> <\/h2>\n\n<h3 class=\"wp-block-heading\" id=\"de-belangrijkste-stappen\"><strong>De belangrijkste stappen<\/strong> <\/h3>\n\n\n<ol start=\"1\" class=\"wp-block-list\">\n<li><strong>De doelstellingen defini\u00ebre<\/strong>n : wat wil de organisatie meten? <\/li>\n<\/ol>\n\n\n\n<ol start=\"2\" class=\"wp-block-list\">\n<li>Het juiste formaat kiezen : gesloten vragen voor meting, open vragen voor inzicht. <\/li>\n<\/ol>\n\n\n\n<ol start=\"3\" class=\"wp-block-list\">\n<li><strong>Testen v\u00f3\u00f3r de uitrol<\/strong> : de duidelijkheid en relevantie van de formuleringen controleren. <br\/> <\/li>\n<\/ol>\n\n\n<h3 class=\"wp-block-heading\" id=\"goede-praktijken-voor-het-formuleren-van-vragen\"><strong>Goede praktijken voor het formuleren van vragen<\/strong> <\/h3>\n\n\n<p>Geef de voorkeur aan eenvoudige, neutrale en inclusieve taal, vermijd formuleringbias en varieer in vraagtypes. Een goed opgebouwde vragenlijst wekt interesse en bevordert de deelname.  <\/p>\n\n\n<h3 class=\"wp-block-heading\" id=\"beschikbare-tools\"><strong>Beschikbare tools<\/strong> <\/h3>\n\n\n<p>Digitale oplossingen maken het vandaag mogelijk om QVT-enqu\u00eates eenvoudig te cre\u00ebren en te analyseren. De begeleiding door een externe expert garandeert neutraliteit, evenals de betrouwbaarheid van de resultaten en hun strategische interpretatie.  <\/p>\n\n\n\n<div style=\"height:41px\" aria-hidden=\"true\" class=\"wp-block-spacer\"><\/div>\n\n\n<h2 class=\"wp-block-heading\" id=\"analyse-en-valorisatie-van-de-resultaten\"><strong>Analyse en valorisatie van de resultaten<\/strong> <\/h2>\n\n<h3 class=\"wp-block-heading\" id=\"interpretatie-van-de-gegevens\"><strong>Interpretatie van de gegevens<\/strong> <\/h3>\n\n\n<p>De analyse moet zowel <strong>kwantitatieve <\/strong>gegevens (d.w.z. cijfers en algemene trends) als <strong>kwalitatieve <\/strong>gegevens (d.w.z. teksten en voorgestelde oplossingsrichtingen van medewerkers) combineren. <\/p>\n\n\n\n<p>Het is ook belangrijk om de verschillen tussen de verschillende entiteiten van de organisatie (bijvoorbeeld afdelingen, functies, beroepen) te identificeren om doeltreffende en gerichte acties te kunnen ondernemen. <\/p>\n\n\n<h3 class=\"wp-block-heading\" id=\"transparante-communicatie\"><strong>Transparante communicatie<\/strong> <\/h3>\n\n\n<p>De resultaten delen met de teams betekent een <strong>cultuur van dialoog<\/strong> cre\u00ebren. Open communicatie versterkt het vertrouwen en bevordert de gezamenlijke uitwerking van oplossingen.  <\/p>\n\n\n<h3 class=\"wp-block-heading\" id=\"van-diagnose-naar-actie\"><strong>Van diagnose naar actie<\/strong> <\/h3>\n\n\n<p>De conclusies moeten leiden tot <strong>concrete actieplannen<\/strong> die in de tijd worden opgevolgd. De betrokkenheid van managers en medewerkers bepaalt het succes van deze aanpak.  <\/p>\n\n\n\n<div style=\"height:41px\" aria-hidden=\"true\" class=\"wp-block-spacer\"><\/div>\n\n\n<h2 class=\"wp-block-heading has-h-2-font-size\" id=\"conclusie-naar-een-nieuwe-cultuur-van-welzijn-op-het-werk\"><strong>Conclusie : naar een nieuwe cultuur van welzijn op het werk<\/strong> <\/h2>\n\n\n<p>QVT wordt tegenwoordig een strategische pijler van HR-prestaties. Door de mens centraal te plaatsen in de besluitvorming bouwt de organisatie een gezondere en duurzamere omgeving op.  <\/p>\n\n\n\n<p>De goed ontworpen en goed benut <strong>QVT-vragenlijst<\/strong> wordt een essentieel sturingsinstrument om de werkelijke behoeften van teams te begrijpen. Ze bevordert besluitvorming op basis van betrouwbare en concrete gegevens.  <\/p>\n\n\n\n<p>In de toekomst zal de integratie van QVCT in het HR-beleid zich verder uitbreiden dankzij technologie, de personalisering van benaderingen en de versterking van de sociale dialoog. Bedrijven die deze weg inslaan, investeren in een onschatbare hulpbron: vertrouwen.<br\/><br\/><br\/>  <\/p>\n\n\n\n<div style=\"height:60px\" aria-hidden=\"true\" class=\"wp-block-spacer\"><\/div>\n\n\n<h3 class=\"wp-block-heading has-text-align-left\" id=\"wil-je-verder-gaan\"><strong>Wil je verder gaan ? <\/strong><\/h3>\n\n\n<p class=\"has-text-align-left\">Neem vandaag nog contact op met de teams van <strong>Balencio <\/strong>om te ontdekken hoe onze oplossingen de <strong>prestaties, het welzijn en de kwaliteit van het werkleven<\/strong> binnen uw organisatie kunnen versterken.<\/p>\n\n\n\n<div class=\"wp-block-buttons is-content-justification-left is-layout-flex wp-container-core-buttons-is-layout-fdcfc74e wp-block-buttons-is-layout-flex\">\n<div class=\"wp-block-button is-style-secondary\"><a class=\"wp-block-button__link has-text-align-left wp-element-button\"><span class=\"popup-trigger popmake-3063 \" data-popup-id=\"3063\" data-do-default=\"0\">Neem contact met ons op<\/span><\/a><\/div>\n<\/div>\n\n\n\n<div style=\"height:47px\" aria-hidden=\"true\" class=\"wp-block-spacer\"><\/div>\n\n\n\n<hr class=\"wp-block-separator has-alpha-channel-opacity\"\/>\n\n\n<h2 class=\"wp-block-heading has-h-2-font-size\" id=\"faq-qvtvragenlijst-begrijpen-en-gebruiken\"><strong>FAQ \u2013 <strong>QVT-vragenlijst begrijpen en gebruiken<\/strong><\/strong><\/h2>\n\n\n<details class=\"wp-block-details is-layout-flow wp-block-details-is-layout-flow\"><summary><strong><strong><strong><strong><strong><strong>Waarvoor dient een QVT-vragenlijst ?<\/strong><\/strong><\/strong><\/strong><\/strong><\/strong><\/summary>\n<p>Een QVT-vragenlijst maakt het mogelijk om de beleving van werknemers te evalueren met betrekking tot hun arbeidsomstandigheden, hun welzijn en hun engagement. Ze helpt om sterke punten en verbeterpunten te identificeren om HR-acties gericht en doeltreffend te sturen. <\/p>\n<\/details>\n\n\n\n<details class=\"wp-block-details is-layout-flow wp-block-details-is-layout-flow\"><summary><strong><strong><strong><strong><strong><strong><strong>Wat is de ideale frequentie voor een QVT-enqu\u00eate ?<\/strong><\/strong><\/strong><\/strong><\/strong><\/strong><\/strong><\/summary>\n<p>Het wordt aanbevolen om jaarlijks een volledige vragenlijst af te nemen, aangevuld met lichtere enqu\u00eates om de zes maanden. Deze regelmaat zorgt voor een dynamisch beeld en maakt het mogelijk om de impact van de genomen acties op het sociale klimaat te evalueren. <\/p>\n<\/details>\n\n\n\n<details class=\"wp-block-details is-layout-flow wp-block-details-is-layout-flow\"><summary><strong><strong><strong><strong><strong><strong>Hoe de anonimiteit van de deelnemers te waarborgen ?<\/strong><\/strong><\/strong><\/strong><\/strong><\/strong><\/summary>\n<p>Anonimiteit wordt gewaarborgd dankzij tools die conform de AVG\/GDPR zijn en een duidelijke communicatie over vertrouwelijkheid. Door gegevens te beschermen stimuleert de organisatie vrije meningsuiting en versterkt ze het vertrouwen in het evaluatieproces. <\/p>\n<\/details>\n\n\n\n<details class=\"wp-block-details is-layout-flow wp-block-details-is-layout-flow\"><summary><strong><strong><strong><strong><strong><strong>Welke indicatoren volgen in een QVT-aanpak ?<\/strong><\/strong><\/strong><\/strong><\/strong><\/strong><\/summary>\n<p>De belangrijkste indicatoren hebben betrekking op het <strong>relationele klimaat<\/strong>, de organisatie van het werk, de arbeidsomstandigheden, gelijke kansen op de werkvloer, de ontwikkeling van vaardigheden en het management. Deze gegevens bieden een volledig beeld van het organisatorische welzijn en sturen de HR-prioriteiten. <\/p>\n<\/details>\n\n\n\n<details class=\"wp-block-details is-layout-flow wp-block-details-is-layout-flow\"><summary><strong><strong><strong><strong>Hoe de resultaten omzetten in een concreet actieplan ?<\/strong><\/strong><\/strong><\/strong><\/summary>\n<p>De verzamelde antwoorden moeten worden gedeeld, collectief geanalyseerd en vertaald naar <strong>tastbare maatregele<\/strong>n. Het betrekken van werknemers bij het bepalen van de prioriteiten versterkt hun engagement en garandeert de relevantie van de QVT-initiatieven. <\/p>\n<\/details>\n\n\n\n<hr class=\"wp-block-separator has-alpha-channel-opacity\"\/>\n\n\n\n<p class=\"has-text-align-left\"><\/p>\n\n\n\n<div class=\"wp-block-group is-nowrap is-layout-flex wp-container-core-group-is-layout-ad2f72ca wp-block-group-is-layout-flex\">\n<figure class=\"wp-block-image size-full is-resized\"><img decoding=\"async\" width=\"162\" height=\"162\" src=\"https:\/\/balencio.com\/wp-content\/uploads\/2025\/12\/Caroline.png\" alt=\"Portret van Caroline Iweins\" class=\"wp-image-6665\" style=\"width:46px;height:auto\" srcset=\"https:\/\/balencio.com\/wp-content\/uploads\/2025\/12\/Caroline.png 162w, https:\/\/balencio.com\/wp-content\/uploads\/2025\/12\/Caroline-150x150.png 150w\" sizes=\"(max-width: 162px) 100vw, 162px\" \/><\/figure>\n\n\n\n<div class=\"wp-block-group\"><div class=\"wp-block-group__inner-container is-layout-constrained wp-block-group-is-layout-constrained\"><div style=\"font-style:normal;font-weight:600;\" class=\"wp-block-post-author-name\">Caroline Iweins<\/div>\n\n\n<p class=\"has-balencio-grey-700-color has-text-color has-text-smaller-font-size\">Head of Research & Development<\/p>\n<\/div><\/div>\n<\/div>\n\n\n\n<div style=\"height:0.5rem\" aria-hidden=\"true\" class=\"wp-block-spacer\"><\/div>\n<\/div>\n\n\n\n<div class=\"wp-block-column column--sticky is-layout-flow wp-block-column-is-layout-flow\" style=\"flex-basis:25%\">\n<div class=\"wp-block-grimlock-wrapper  wp-block-grimlock-wrapper--inner-full box--shadowed\" style=\"--grimlock-wrapper-padding-top:2rem;--grimlock-wrapper-padding-right:1rem;--grimlock-wrapper-padding-bottom:2rem;--grimlock-wrapper-padding-left:1rem;--grimlock-wrapper-border-top:1px solid #EAECEF;--grimlock-wrapper-border-bottom:1px solid #EAECEF;--grimlock-wrapper-border-left:1px solid #EAECEF;--grimlock-wrapper-border-right:1px solid #EAECEF;--grimlock-wrapper-border-top-left-radius:27px;--grimlock-wrapper-border-top-right-radius:0px;--grimlock-wrapper-border-bottom-left-radius:27px;--grimlock-wrapper-border-bottom-right-radius:27px\"><div class=\"wp-block-grimlock-wrapper__bg\"><\/div><div class=\"wp-block-grimlock-wrapper__bg-overlay\"><\/div><div class=\"wp-block-grimlock-wrapper__inner\">\n<p class=\"has-text-align-left has-balencio-blue-500-color has-text-color has-h-5-font-size\">Inhoudstafel<\/p>\n\n\n<ul class=\"simpletoc-list\">\n<li><a href=\"#inleiding-tot-de-kwaliteit-van-het-werkleven\">Inleiding tot de kwaliteit van het werkleven<\/a>\n\n\n<\/li>\n\n<\/li>\n\n<li><a href=\"#relatie-tussen-qvt-en-organisatorische-prestatie\">Relatie tussen QVT en organisatorische prestatie<\/a>\n\n\n<\/li>\n\n<\/li>\n\n<li><a href=\"#normen-en-wettelijk-kader-van-qvt\">Normen en wettelijk kader van QVT<\/a>\n\n\n<\/li>\n\n<li><a href=\"#qvtvragenlijsten-typologieen-en-doelstellingen\">QVT-vragenlijsten : typologie\u00ebn en doelstellingen<\/a>\n\n\n<\/li>\n\n<\/li>\n\n<li><a href=\"#een-effectieve-qvtvragenlijst-ontwerpen\">Een effectieve QVT-vragenlijst ontwerpen<\/a>\n\n\n<\/li>\n\n<\/li>\n\n<li><a href=\"#analyse-en-valorisatie-van-de-resultaten\">Analyse en valorisatie van de resultaten<\/a>\n\n\n<\/li>\n\n<\/li>\n\n<li><a href=\"#conclusie-naar-een-nieuwe-cultuur-van-welzijn-op-het-werk\">Conclusie : naar een nieuwe cultuur van welzijn op het werk<\/a>\n\n\n<li><a href=\"#faq-qvtvragenlijst-begrijpen-en-gebruiken\">FAQ \u2013 QVT-vragenlijst begrijpen en gebruiken<\/a>\n<\/li><\/ul><\/div><\/div>\n\n\n\n<div class=\"wp-block-grimlock-wrapper  wp-block-grimlock-wrapper--inner-full box--shadowed\" style=\"--grimlock-wrapper-margin-top:2rem;--grimlock-wrapper-border-top:0 solid #00000000;--grimlock-wrapper-border-bottom:0 solid #00000000;--grimlock-wrapper-border-left:0 solid #00000000;--grimlock-wrapper-border-right:0 solid #00000000;--grimlock-wrapper-border-top-left-radius:27px;--grimlock-wrapper-border-bottom-left-radius:27px;--grimlock-wrapper-border-bottom-right-radius:27px\"><div class=\"wp-block-grimlock-wrapper__bg\"><\/div><div class=\"wp-block-grimlock-wrapper__bg-overlay\"><\/div><div class=\"wp-block-grimlock-wrapper__inner\">\n<figure class=\"wp-block-image size-full w-100\"><img decoding=\"async\" width=\"2055\" height=\"1479\" src=\"https:\/\/balencio.com\/wp-content\/uploads\/2025\/12\/newsletter-2.png\" alt=\"\" class=\"wp-image-6699\" srcset=\"https:\/\/balencio.com\/wp-content\/uploads\/2025\/12\/newsletter-2.png 2055w, https:\/\/balencio.com\/wp-content\/uploads\/2025\/12\/newsletter-2-300x216.png 300w, https:\/\/balencio.com\/wp-content\/uploads\/2025\/12\/newsletter-2-1024x737.png 1024w, https:\/\/balencio.com\/wp-content\/uploads\/2025\/12\/newsletter-2-768x553.png 768w, https:\/\/balencio.com\/wp-content\/uploads\/2025\/12\/newsletter-2-1536x1105.png 1536w, https:\/\/balencio.com\/wp-content\/uploads\/2025\/12\/newsletter-2-2048x1474.png 2048w, https:\/\/balencio.com\/wp-content\/uploads\/2025\/12\/newsletter-2-1850x1331.png 1850w\" sizes=\"(max-width: 2055px) 100vw, 2055px\" \/><\/figure>\n\n\n\n<div class=\"wp-block-grimlock-wrapper  wp-block-grimlock-wrapper--inner-full\" style=\"--grimlock-wrapper-background-color:linear-gradient(135deg,rgb(148,160,255) 0%,rgb(130,144,253) 100%);--grimlock-wrapper-padding-top:1rem;--grimlock-wrapper-padding-right:1rem;--grimlock-wrapper-padding-bottom:1rem;--grimlock-wrapper-padding-left:1rem;--grimlock-wrapper-border-top:0 solid #00000000;--grimlock-wrapper-border-bottom:0 solid #00000000;--grimlock-wrapper-border-left:0 solid #00000000;--grimlock-wrapper-border-right:0 solid #00000000\"><div class=\"wp-block-grimlock-wrapper__bg\"><\/div><div class=\"wp-block-grimlock-wrapper__bg-overlay\"><\/div><div class=\"wp-block-grimlock-wrapper__inner\">\n<p class=\"has-white-color has-text-color has-text-bigger-font-size\">\n\t\t\t\t\t\t\t\t\t<strong>Het laatste HR-nieuws van Balencio rechtstreeks in uw inbox<\/strong><\/p>\n\n\n\n\n\t\t\t<form id=\"sib_signup_form_4\" method=\"post\" class=\"sib_signup_form\">\n\t\t\t\t<div class=\"sib_loader\" style=\"display:none;\"><img\n\t\t\t\t\t\t\tsrc=\"https:\/\/balencio.com\/wp-includes\/images\/spinner.gif\" alt=\"loader\"><\/div>\n\t\t\t\t<input type=\"hidden\" name=\"sib_form_action\" value=\"subscribe_form_submit\">\n\t\t\t\t<input type=\"hidden\" name=\"sib_form_id\" value=\"4\">\n                <input type=\"hidden\" name=\"sib_form_alert_notice\" value=\"Vul dit veld in.\">\n                <input type=\"hidden\" name=\"sib_form_invalid_email_notice\" value=\"Uw e-mailadres is ongeldig.\">\n                <input type=\"hidden\" name=\"sib_security\" value=\"71cc47b688\">\n\t\t\t\t<div class=\"sib_signup_box_inside_4\">\n\t\t\t\t\t<div style=\"\/*display:none*\/\" class=\"sib_msg_disp\">\n\t\t\t\t\t<\/div>\n                    \t\t\t\t\t    <label class=\"sib-email-area\">E-mailadres*<\/label> \r\n    <input type=\"email\" class=\"sib-email-area\" name=\"email\" placeholder=\"\" value=\"voornaam.achternaam@bedrijf.com\" required=\"required\"> \r\n<\/p>\r\n<input type=\"checkbox\" name=\"terms\" required=\"required\"> Ik ga akkoord <a href=\"https:\/\/balencio.com\/vie-privee\/\">met het beleid inzake gegevensverwerking en privacy<\/a> \r\n<p class=\"sib-email-area\"> \r\n<p>\r\n    <input type=\"submit\" class=\"sib-default-btn\" value=\"Ik abonneer me\">\r\n<\/p>\t\t\t\t<\/div>\n\t\t\t<\/form>\n\t\t\t<style>\n\t\t\t\tform#sib_signup_form_4 p.sib-alert-message {\n    padding: 6px 12px;\n    margin-bottom: 20px;\n    border: 1px solid transparent;\n    border-radius: 4px;\n    -webkit-box-sizing: border-box;\n    -moz-box-sizing: border-box;\n    box-sizing: border-box;\n}\nform#sib_signup_form_4 p.sib-alert-message-error {\n    background-color: #f2dede;\n    border-color: #ebccd1;\n    color: #a94442;\n}\nform#sib_signup_form_4 p.sib-alert-message-success {\n    background-color: #dff0d8;\n    border-color: #d6e9c6;\n    color: #3c763d;\n}\nform#sib_signup_form_4 p.sib-alert-message-warning {\n    background-color: #fcf8e3;\n    border-color: #faebcc;\n    color: #8a6d3b;\n}\n\t\t\t<\/style>\n\t\t\t\n<\/div><\/div>\n<\/div><\/div>\n<\/div>\n<\/div>\n<\/div><\/div>\n\n<p><\/p>\n","protected":false},"excerpt":{"rendered":"<p>De QVT-vragenlijst is een strategisch instrument om het welzijn op het werk, het sociale klimaat en de betrokkenheid van teams te meten. Door de kwaliteit van het werkleven te evalueren aan de hand van betrouwbare indicatoren, maakt het mogelijk om psychosociale risico\u2019s te identificeren, HR-acties gericht te sturen en zowel de prestaties als de aantrekkelijkheid van de organisatie te versterken. <\/p>\n","protected":false},"author":4,"featured_media":6866,"comment_status":"closed","ping_status":"closed","sticky":false,"template":"","format":"standard","meta":{"_acf_changed":false,"inline_featured_image":false,"footnotes":""},"categories":[43],"tags":[60],"class_list":["post-8758","post","type-post","status-publish","format-standard","has-post-thumbnail","hentry","category-artikelen","tag-artikelen"],"acf":[],"yoast_head":"<!-- This site is optimized with the Yoast SEO plugin v27.3 - https:\/\/yoast.com\/product\/yoast-seo-wordpress\/ -->\n<title>QVT-vragenlijst : een strategisch instrument om welzijn en prestaties op het werk te versterken - Balencio<\/title>\n<meta name=\"description\" content=\"QVT-vragenlijst : evalueer het welzijn op het werk, identificeer psychosociale risico\u2019s en stuur uw HR-acties op een strategische manier aan.\" \/>\n<meta name=\"robots\" content=\"index, follow, max-snippet:-1, max-image-preview:large, max-video-preview:-1\" \/>\n<link rel=\"canonical\" href=\"https:\/\/balencio.com\/nl\/qvt-vragenlijst-een-strategisch-instrument-om-welzijn-en-prestaties-op-het-werk-te-versterken\/\" \/>\n<meta property=\"og:locale\" content=\"nl_NL\" \/>\n<meta property=\"og:type\" content=\"article\" \/>\n<meta property=\"og:title\" content=\"QVT-vragenlijst : een strategisch instrument om welzijn en prestaties op het werk te versterken - Balencio\" \/>\n<meta property=\"og:description\" content=\"QVT-vragenlijst : evalueer het welzijn op het werk, identificeer psychosociale risico\u2019s en stuur uw HR-acties op een strategische manier aan.\" \/>\n<meta property=\"og:url\" content=\"https:\/\/balencio.com\/nl\/qvt-vragenlijst-een-strategisch-instrument-om-welzijn-en-prestaties-op-het-werk-te-versterken\/\" \/>\n<meta property=\"og:site_name\" content=\"Balencio\" \/>\n<meta property=\"article:published_time\" content=\"2026-03-23T09:00:00+00:00\" \/>\n<meta property=\"article:modified_time\" content=\"2026-04-24T14:51:44+00:00\" \/>\n<meta property=\"og:image\" content=\"https:\/\/balencio.com\/wp-content\/uploads\/2025\/12\/QVT-scaled.png\" \/>\n\t<meta property=\"og:image:width\" content=\"2560\" \/>\n\t<meta property=\"og:image:height\" content=\"1600\" \/>\n\t<meta property=\"og:image:type\" content=\"image\/png\" \/>\n<meta name=\"author\" content=\"Caroline Iweins\" \/>\n<meta name=\"twitter:card\" content=\"summary_large_image\" \/>\n<meta name=\"twitter:label1\" content=\"Geschreven door\" \/>\n\t<meta name=\"twitter:data1\" content=\"Caroline Iweins\" \/>\n\t<meta name=\"twitter:label2\" content=\"Geschatte leestijd\" \/>\n\t<meta name=\"twitter:data2\" content=\"7 minuten\" \/>\n<script type=\"application\/ld+json\" class=\"yoast-schema-graph\">{\"@context\":\"https:\\\/\\\/schema.org\",\"@graph\":[{\"@type\":\"Article\",\"@id\":\"https:\\\/\\\/balencio.com\\\/nl\\\/qvt-vragenlijst-een-strategisch-instrument-om-welzijn-en-prestaties-op-het-werk-te-versterken\\\/#article\",\"isPartOf\":{\"@id\":\"https:\\\/\\\/balencio.com\\\/nl\\\/qvt-vragenlijst-een-strategisch-instrument-om-welzijn-en-prestaties-op-het-werk-te-versterken\\\/\"},\"author\":{\"name\":\"Caroline Iweins\",\"@id\":\"https:\\\/\\\/balencio.com\\\/nl\\\/#\\\/schema\\\/person\\\/981e06c690bac44a04e96edefdf2e152\"},\"headline\":\"QVT-vragenlijst : een strategisch instrument om welzijn en prestaties op het werk te versterken\",\"datePublished\":\"2026-03-23T09:00:00+00:00\",\"dateModified\":\"2026-04-24T14:51:44+00:00\",\"mainEntityOfPage\":{\"@id\":\"https:\\\/\\\/balencio.com\\\/nl\\\/qvt-vragenlijst-een-strategisch-instrument-om-welzijn-en-prestaties-op-het-werk-te-versterken\\\/\"},\"wordCount\":1403,\"publisher\":{\"@id\":\"https:\\\/\\\/balencio.com\\\/nl\\\/#organization\"},\"image\":{\"@id\":\"https:\\\/\\\/balencio.com\\\/nl\\\/qvt-vragenlijst-een-strategisch-instrument-om-welzijn-en-prestaties-op-het-werk-te-versterken\\\/#primaryimage\"},\"thumbnailUrl\":\"https:\\\/\\\/balencio.com\\\/wp-content\\\/uploads\\\/2025\\\/12\\\/QVT-scaled.png\",\"keywords\":[\"Artikelen\"],\"articleSection\":[\"Artikelen\"],\"inLanguage\":\"nl-NL\"},{\"@type\":\"WebPage\",\"@id\":\"https:\\\/\\\/balencio.com\\\/nl\\\/qvt-vragenlijst-een-strategisch-instrument-om-welzijn-en-prestaties-op-het-werk-te-versterken\\\/\",\"url\":\"https:\\\/\\\/balencio.com\\\/nl\\\/qvt-vragenlijst-een-strategisch-instrument-om-welzijn-en-prestaties-op-het-werk-te-versterken\\\/\",\"name\":\"QVT-vragenlijst : een strategisch instrument om welzijn en prestaties op het werk te versterken - Balencio\",\"isPartOf\":{\"@id\":\"https:\\\/\\\/balencio.com\\\/nl\\\/#website\"},\"primaryImageOfPage\":{\"@id\":\"https:\\\/\\\/balencio.com\\\/nl\\\/qvt-vragenlijst-een-strategisch-instrument-om-welzijn-en-prestaties-op-het-werk-te-versterken\\\/#primaryimage\"},\"image\":{\"@id\":\"https:\\\/\\\/balencio.com\\\/nl\\\/qvt-vragenlijst-een-strategisch-instrument-om-welzijn-en-prestaties-op-het-werk-te-versterken\\\/#primaryimage\"},\"thumbnailUrl\":\"https:\\\/\\\/balencio.com\\\/wp-content\\\/uploads\\\/2025\\\/12\\\/QVT-scaled.png\",\"datePublished\":\"2026-03-23T09:00:00+00:00\",\"dateModified\":\"2026-04-24T14:51:44+00:00\",\"description\":\"QVT-vragenlijst : evalueer het welzijn op het werk, identificeer psychosociale risico\u2019s en stuur uw HR-acties op een strategische manier aan.\",\"breadcrumb\":{\"@id\":\"https:\\\/\\\/balencio.com\\\/nl\\\/qvt-vragenlijst-een-strategisch-instrument-om-welzijn-en-prestaties-op-het-werk-te-versterken\\\/#breadcrumb\"},\"inLanguage\":\"nl-NL\",\"potentialAction\":[{\"@type\":\"ReadAction\",\"target\":[\"https:\\\/\\\/balencio.com\\\/nl\\\/qvt-vragenlijst-een-strategisch-instrument-om-welzijn-en-prestaties-op-het-werk-te-versterken\\\/\"]}]},{\"@type\":\"ImageObject\",\"inLanguage\":\"nl-NL\",\"@id\":\"https:\\\/\\\/balencio.com\\\/nl\\\/qvt-vragenlijst-een-strategisch-instrument-om-welzijn-en-prestaties-op-het-werk-te-versterken\\\/#primaryimage\",\"url\":\"https:\\\/\\\/balencio.com\\\/wp-content\\\/uploads\\\/2025\\\/12\\\/QVT-scaled.png\",\"contentUrl\":\"https:\\\/\\\/balencio.com\\\/wp-content\\\/uploads\\\/2025\\\/12\\\/QVT-scaled.png\",\"width\":2560,\"height\":1600,\"caption\":\"questionnaire QVT\"},{\"@type\":\"BreadcrumbList\",\"@id\":\"https:\\\/\\\/balencio.com\\\/nl\\\/qvt-vragenlijst-een-strategisch-instrument-om-welzijn-en-prestaties-op-het-werk-te-versterken\\\/#breadcrumb\",\"itemListElement\":[{\"@type\":\"ListItem\",\"position\":1,\"name\":\"Home\",\"item\":\"https:\\\/\\\/balencio.com\\\/nl\\\/\"},{\"@type\":\"ListItem\",\"position\":2,\"name\":\"QVT-vragenlijst : een strategisch instrument om welzijn en prestaties op het werk te versterken\"}]},{\"@type\":\"WebSite\",\"@id\":\"https:\\\/\\\/balencio.com\\\/nl\\\/#website\",\"url\":\"https:\\\/\\\/balencio.com\\\/nl\\\/\",\"name\":\"Balencio\",\"description\":\"Expert en gestion du capital humain\",\"publisher\":{\"@id\":\"https:\\\/\\\/balencio.com\\\/nl\\\/#organization\"},\"potentialAction\":[{\"@type\":\"SearchAction\",\"target\":{\"@type\":\"EntryPoint\",\"urlTemplate\":\"https:\\\/\\\/balencio.com\\\/nl\\\/?s={search_term_string}\"},\"query-input\":{\"@type\":\"PropertyValueSpecification\",\"valueRequired\":true,\"valueName\":\"search_term_string\"}}],\"inLanguage\":\"nl-NL\"},{\"@type\":\"Organization\",\"@id\":\"https:\\\/\\\/balencio.com\\\/nl\\\/#organization\",\"name\":\"Balencio\",\"url\":\"https:\\\/\\\/balencio.com\\\/nl\\\/\",\"logo\":{\"@type\":\"ImageObject\",\"inLanguage\":\"nl-NL\",\"@id\":\"https:\\\/\\\/balencio.com\\\/nl\\\/#\\\/schema\\\/logo\\\/image\\\/\",\"url\":\"https:\\\/\\\/balencio.com\\\/wp-content\\\/uploads\\\/2023\\\/06\\\/logo.svg\",\"contentUrl\":\"https:\\\/\\\/balencio.com\\\/wp-content\\\/uploads\\\/2023\\\/06\\\/logo.svg\",\"width\":\"1024\",\"height\":\"1024\",\"caption\":\"Balencio\"},\"image\":{\"@id\":\"https:\\\/\\\/balencio.com\\\/nl\\\/#\\\/schema\\\/logo\\\/image\\\/\"},\"sameAs\":[\"https:\\\/\\\/be.linkedin.com\\\/company\\\/balencio\"]},{\"@type\":\"Person\",\"@id\":\"https:\\\/\\\/balencio.com\\\/nl\\\/#\\\/schema\\\/person\\\/981e06c690bac44a04e96edefdf2e152\",\"name\":\"Caroline Iweins\",\"image\":{\"@type\":\"ImageObject\",\"inLanguage\":\"nl-NL\",\"@id\":\"https:\\\/\\\/secure.gravatar.com\\\/avatar\\\/c44293183b2151a3fca831cda0ad29ac55754736b1aab68d1c67822cb3f8e005?s=96&d=mm&r=g\",\"url\":\"https:\\\/\\\/secure.gravatar.com\\\/avatar\\\/c44293183b2151a3fca831cda0ad29ac55754736b1aab68d1c67822cb3f8e005?s=96&d=mm&r=g\",\"contentUrl\":\"https:\\\/\\\/secure.gravatar.com\\\/avatar\\\/c44293183b2151a3fca831cda0ad29ac55754736b1aab68d1c67822cb3f8e005?s=96&d=mm&r=g\",\"caption\":\"Caroline Iweins\"},\"description\":\"Caroline Iweins est Docteure en psychologie du travail et charg\u00e9e de cours invit\u00e9e \u00e0 l\u2019UCLouvain, o\u00f9 elle enseigne la gestion des risques psychosociaux. Elle est \u00e9galement Responsable Recherche &amp; D\u00e9veloppement chez Balencio, o\u00f9 elle met son expertise scientifique au service de la conception d\u2019outils innovants d\u00e9di\u00e9s \u00e0 la mesure et \u00e0 la pr\u00e9vention du bien-\u00eatre au travail. Ses travaux portent sur la pr\u00e9vention du stress professionnel, la d\u00e9tection du burnout et l\u2019am\u00e9lioration du climat organisationnel. Passionn\u00e9e par le lien entre science et pratique, elle \u0153uvre \u00e0 rapprocher la recherche acad\u00e9mique des r\u00e9alit\u00e9s du terrain pour aider les entreprises \u00e0 d\u00e9velopper des environnements de travail sains, durables et performants. Caroline Iweins est \u00e9galement auteure de l\u2019ouvrage \u201cD\u00e9tecter et pr\u00e9venir le burnout\u201d, publi\u00e9 aux \u00c9ditions Mardaga, dans lequel elle partage des cl\u00e9s scientifiques et pratiques pour comprendre, rep\u00e9rer et agir face au burnout.\",\"url\":\"https:\\\/\\\/balencio.com\\\/nl\\\/author\\\/marketing\\\/\"}]}<\/script>\n<!-- \/ Yoast SEO plugin. -->","yoast_head_json":{"title":"QVT-vragenlijst : een strategisch instrument om welzijn en prestaties op het werk te versterken - Balencio","description":"QVT-vragenlijst : evalueer het welzijn op het werk, identificeer psychosociale risico\u2019s en stuur uw HR-acties op een strategische manier aan.","robots":{"index":"index","follow":"follow","max-snippet":"max-snippet:-1","max-image-preview":"max-image-preview:large","max-video-preview":"max-video-preview:-1"},"canonical":"https:\/\/balencio.com\/nl\/qvt-vragenlijst-een-strategisch-instrument-om-welzijn-en-prestaties-op-het-werk-te-versterken\/","og_locale":"nl_NL","og_type":"article","og_title":"QVT-vragenlijst : een strategisch instrument om welzijn en prestaties op het werk te versterken - Balencio","og_description":"QVT-vragenlijst : evalueer het welzijn op het werk, identificeer psychosociale risico\u2019s en stuur uw HR-acties op een strategische manier aan.","og_url":"https:\/\/balencio.com\/nl\/qvt-vragenlijst-een-strategisch-instrument-om-welzijn-en-prestaties-op-het-werk-te-versterken\/","og_site_name":"Balencio","article_published_time":"2026-03-23T09:00:00+00:00","article_modified_time":"2026-04-24T14:51:44+00:00","og_image":[{"width":2560,"height":1600,"url":"https:\/\/balencio.com\/wp-content\/uploads\/2025\/12\/QVT-scaled.png","type":"image\/png"}],"author":"Caroline Iweins","twitter_card":"summary_large_image","twitter_misc":{"Geschreven door":"Caroline Iweins","Geschatte leestijd":"7 minuten"},"schema":{"@context":"https:\/\/schema.org","@graph":[{"@type":"Article","@id":"https:\/\/balencio.com\/nl\/qvt-vragenlijst-een-strategisch-instrument-om-welzijn-en-prestaties-op-het-werk-te-versterken\/#article","isPartOf":{"@id":"https:\/\/balencio.com\/nl\/qvt-vragenlijst-een-strategisch-instrument-om-welzijn-en-prestaties-op-het-werk-te-versterken\/"},"author":{"name":"Caroline Iweins","@id":"https:\/\/balencio.com\/nl\/#\/schema\/person\/981e06c690bac44a04e96edefdf2e152"},"headline":"QVT-vragenlijst : een strategisch instrument om welzijn en prestaties op het werk te versterken","datePublished":"2026-03-23T09:00:00+00:00","dateModified":"2026-04-24T14:51:44+00:00","mainEntityOfPage":{"@id":"https:\/\/balencio.com\/nl\/qvt-vragenlijst-een-strategisch-instrument-om-welzijn-en-prestaties-op-het-werk-te-versterken\/"},"wordCount":1403,"publisher":{"@id":"https:\/\/balencio.com\/nl\/#organization"},"image":{"@id":"https:\/\/balencio.com\/nl\/qvt-vragenlijst-een-strategisch-instrument-om-welzijn-en-prestaties-op-het-werk-te-versterken\/#primaryimage"},"thumbnailUrl":"https:\/\/balencio.com\/wp-content\/uploads\/2025\/12\/QVT-scaled.png","keywords":["Artikelen"],"articleSection":["Artikelen"],"inLanguage":"nl-NL"},{"@type":"WebPage","@id":"https:\/\/balencio.com\/nl\/qvt-vragenlijst-een-strategisch-instrument-om-welzijn-en-prestaties-op-het-werk-te-versterken\/","url":"https:\/\/balencio.com\/nl\/qvt-vragenlijst-een-strategisch-instrument-om-welzijn-en-prestaties-op-het-werk-te-versterken\/","name":"QVT-vragenlijst : een strategisch instrument om welzijn en prestaties op het werk te versterken - Balencio","isPartOf":{"@id":"https:\/\/balencio.com\/nl\/#website"},"primaryImageOfPage":{"@id":"https:\/\/balencio.com\/nl\/qvt-vragenlijst-een-strategisch-instrument-om-welzijn-en-prestaties-op-het-werk-te-versterken\/#primaryimage"},"image":{"@id":"https:\/\/balencio.com\/nl\/qvt-vragenlijst-een-strategisch-instrument-om-welzijn-en-prestaties-op-het-werk-te-versterken\/#primaryimage"},"thumbnailUrl":"https:\/\/balencio.com\/wp-content\/uploads\/2025\/12\/QVT-scaled.png","datePublished":"2026-03-23T09:00:00+00:00","dateModified":"2026-04-24T14:51:44+00:00","description":"QVT-vragenlijst : evalueer het welzijn op het werk, identificeer psychosociale risico\u2019s en stuur uw HR-acties op een strategische manier aan.","breadcrumb":{"@id":"https:\/\/balencio.com\/nl\/qvt-vragenlijst-een-strategisch-instrument-om-welzijn-en-prestaties-op-het-werk-te-versterken\/#breadcrumb"},"inLanguage":"nl-NL","potentialAction":[{"@type":"ReadAction","target":["https:\/\/balencio.com\/nl\/qvt-vragenlijst-een-strategisch-instrument-om-welzijn-en-prestaties-op-het-werk-te-versterken\/"]}]},{"@type":"ImageObject","inLanguage":"nl-NL","@id":"https:\/\/balencio.com\/nl\/qvt-vragenlijst-een-strategisch-instrument-om-welzijn-en-prestaties-op-het-werk-te-versterken\/#primaryimage","url":"https:\/\/balencio.com\/wp-content\/uploads\/2025\/12\/QVT-scaled.png","contentUrl":"https:\/\/balencio.com\/wp-content\/uploads\/2025\/12\/QVT-scaled.png","width":2560,"height":1600,"caption":"questionnaire QVT"},{"@type":"BreadcrumbList","@id":"https:\/\/balencio.com\/nl\/qvt-vragenlijst-een-strategisch-instrument-om-welzijn-en-prestaties-op-het-werk-te-versterken\/#breadcrumb","itemListElement":[{"@type":"ListItem","position":1,"name":"Home","item":"https:\/\/balencio.com\/nl\/"},{"@type":"ListItem","position":2,"name":"QVT-vragenlijst : een strategisch instrument om welzijn en prestaties op het werk te versterken"}]},{"@type":"WebSite","@id":"https:\/\/balencio.com\/nl\/#website","url":"https:\/\/balencio.com\/nl\/","name":"Balencio","description":"Expert en gestion du capital humain","publisher":{"@id":"https:\/\/balencio.com\/nl\/#organization"},"potentialAction":[{"@type":"SearchAction","target":{"@type":"EntryPoint","urlTemplate":"https:\/\/balencio.com\/nl\/?s={search_term_string}"},"query-input":{"@type":"PropertyValueSpecification","valueRequired":true,"valueName":"search_term_string"}}],"inLanguage":"nl-NL"},{"@type":"Organization","@id":"https:\/\/balencio.com\/nl\/#organization","name":"Balencio","url":"https:\/\/balencio.com\/nl\/","logo":{"@type":"ImageObject","inLanguage":"nl-NL","@id":"https:\/\/balencio.com\/nl\/#\/schema\/logo\/image\/","url":"https:\/\/balencio.com\/wp-content\/uploads\/2023\/06\/logo.svg","contentUrl":"https:\/\/balencio.com\/wp-content\/uploads\/2023\/06\/logo.svg","width":"1024","height":"1024","caption":"Balencio"},"image":{"@id":"https:\/\/balencio.com\/nl\/#\/schema\/logo\/image\/"},"sameAs":["https:\/\/be.linkedin.com\/company\/balencio"]},{"@type":"Person","@id":"https:\/\/balencio.com\/nl\/#\/schema\/person\/981e06c690bac44a04e96edefdf2e152","name":"Caroline Iweins","image":{"@type":"ImageObject","inLanguage":"nl-NL","@id":"https:\/\/secure.gravatar.com\/avatar\/c44293183b2151a3fca831cda0ad29ac55754736b1aab68d1c67822cb3f8e005?s=96&d=mm&r=g","url":"https:\/\/secure.gravatar.com\/avatar\/c44293183b2151a3fca831cda0ad29ac55754736b1aab68d1c67822cb3f8e005?s=96&d=mm&r=g","contentUrl":"https:\/\/secure.gravatar.com\/avatar\/c44293183b2151a3fca831cda0ad29ac55754736b1aab68d1c67822cb3f8e005?s=96&d=mm&r=g","caption":"Caroline Iweins"},"description":"Caroline Iweins est Docteure en psychologie du travail et charg\u00e9e de cours invit\u00e9e \u00e0 l\u2019UCLouvain, o\u00f9 elle enseigne la gestion des risques psychosociaux. Elle est \u00e9galement Responsable Recherche &amp; D\u00e9veloppement chez Balencio, o\u00f9 elle met son expertise scientifique au service de la conception d\u2019outils innovants d\u00e9di\u00e9s \u00e0 la mesure et \u00e0 la pr\u00e9vention du bien-\u00eatre au travail. Ses travaux portent sur la pr\u00e9vention du stress professionnel, la d\u00e9tection du burnout et l\u2019am\u00e9lioration du climat organisationnel. Passionn\u00e9e par le lien entre science et pratique, elle \u0153uvre \u00e0 rapprocher la recherche acad\u00e9mique des r\u00e9alit\u00e9s du terrain pour aider les entreprises \u00e0 d\u00e9velopper des environnements de travail sains, durables et performants. Caroline Iweins est \u00e9galement auteure de l\u2019ouvrage \u201cD\u00e9tecter et pr\u00e9venir le burnout\u201d, publi\u00e9 aux \u00c9ditions Mardaga, dans lequel elle partage des cl\u00e9s scientifiques et pratiques pour comprendre, rep\u00e9rer et agir face au burnout.","url":"https:\/\/balencio.com\/nl\/author\/marketing\/"}]}},"_links":{"self":[{"href":"https:\/\/balencio.com\/nl\/wp-json\/wp\/v2\/posts\/8758","targetHints":{"allow":["GET"]}}],"collection":[{"href":"https:\/\/balencio.com\/nl\/wp-json\/wp\/v2\/posts"}],"about":[{"href":"https:\/\/balencio.com\/nl\/wp-json\/wp\/v2\/types\/post"}],"author":[{"embeddable":true,"href":"https:\/\/balencio.com\/nl\/wp-json\/wp\/v2\/users\/4"}],"replies":[{"embeddable":true,"href":"https:\/\/balencio.com\/nl\/wp-json\/wp\/v2\/comments?post=8758"}],"version-history":[{"count":3,"href":"https:\/\/balencio.com\/nl\/wp-json\/wp\/v2\/posts\/8758\/revisions"}],"predecessor-version":[{"id":8761,"href":"https:\/\/balencio.com\/nl\/wp-json\/wp\/v2\/posts\/8758\/revisions\/8761"}],"wp:featuredmedia":[{"embeddable":true,"href":"https:\/\/balencio.com\/nl\/wp-json\/wp\/v2\/media\/6866"}],"wp:attachment":[{"href":"https:\/\/balencio.com\/nl\/wp-json\/wp\/v2\/media?parent=8758"}],"wp:term":[{"taxonomy":"category","embeddable":true,"href":"https:\/\/balencio.com\/nl\/wp-json\/wp\/v2\/categories?post=8758"},{"taxonomy":"post_tag","embeddable":true,"href":"https:\/\/balencio.com\/nl\/wp-json\/wp\/v2\/tags?post=8758"}],"curies":[{"name":"wp","href":"https:\/\/api.w.org\/{rel}","templated":true}]}}