{"id":8676,"date":"2023-10-25T11:37:46","date_gmt":"2023-10-25T09:37:46","guid":{"rendered":"https:\/\/balencio.com\/harmonie-mutuelle-and-balencio-an-effective-hr-diagnosis\/"},"modified":"2026-04-21T14:49:12","modified_gmt":"2026-04-21T12:49:12","slug":"harmonie-mutuelle-and-balencio-an-effective-hr-diagnosis","status":"publish","type":"post","link":"https:\/\/balencio.com\/en\/harmonie-mutuelle-and-balencio-an-effective-hr-diagnosis\/","title":{"rendered":"Harmonie Mutuelle and Balencio : an effective HR diagnosis"},"content":{"rendered":"\n<div class=\"wp-block-grimlock-wrapper alignfull  wp-block-grimlock-wrapper--inner-narrower\" style=\"--grimlock-wrapper-background-color:#F8F9FA;--grimlock-wrapper-margin-bottom:0rem;--grimlock-wrapper-padding-top:2rem;--grimlock-wrapper-border-top:0 solid #00000000;--grimlock-wrapper-border-bottom:0 solid #00000000;--grimlock-wrapper-border-left:0 solid #00000000;--grimlock-wrapper-border-right:0 solid #00000000\"><div class=\"wp-block-grimlock-wrapper__bg\"><\/div><div class=\"wp-block-grimlock-wrapper__bg-overlay\"><\/div><div class=\"wp-block-grimlock-wrapper__inner\"><div style=\"font-style:normal;font-weight:500;text-transform:uppercase\" class=\"taxonomy-category has-text-align-center wp-block-post-terms has-text-color has-black-color has-text-bigger-font-size\"><a href=\"https:\/\/balencio.com\/en\/customers\/\" rel=\"tag\">Customers<\/a><\/div>\n\n\n<div style=\"height:1rem\" aria-hidden=\"true\" class=\"wp-block-spacer\"><\/div>\n\n\n<h1 class=\"has-text-align-center wp-block-post-title\">Harmonie Mutuelle and Balencio : an effective HR diagnosis<\/h1>\n\n\n<div style=\"height:5rem\" aria-hidden=\"true\" class=\"wp-block-spacer\"><\/div>\n\n\n\t\t\t<div  class=\" wp-block-grimlock-divider alignfull grimlock-divider grimlock-divider--flip-shape-horizontally grimlock-divider--align-icon-center-center\" style=\"--grimlock-divider-shape-color:#F8F9FA;--grimlock-divider-icon-color:#000000;--grimlock-divider-background-color:#fefefe;--grimlock-divider-icon-size:20px;--grimlock-divider-height:100px;--grimlock-divider-margin-top:0px;--grimlock-divider-margin-bottom:0px;z-index:0;\"  >\n\t\t\t\t\n\t\t\t<div class=\"grimlock-divider__icon\">\n\n\t\t\t\t<svg width=\"40\" height=\"40\" xmlns=\"http:\/\/www.w3.org\/2000\/svg\" viewBox=\"0 0 40 40\"><\/svg>\n\n\t\t\t<\/div>\n\n\t\t\t\t\t\t\n\t\t\t<div class=\"grimlock-divider__shape\">\n\t\t\t\t<svg viewBox=\"0 0 1600 200\" xmlns=\"http:\/\/www.w3.org\/2000\/svg\" preserveAspectRatio=\"none\" class=\"grimlock-divider-svg grimlock-divider-svg--curve\" aria-hidden=\"true\"><path d=\"M1610 177.3C1423 122.9 1133.3 88 808 88c-334.7 0-631.8 37-818 94.1v28h1620v-32.8z\"><\/path><\/svg>\n\t\t\t<\/div>\n\n\t\t\t\t\t<\/div>\n\t\t<\/div><\/div>\n\n<div class=\"wp-block-columns is-not-stacked-on-mobile grimlock-columns-mobile-1 is-layout-flex wp-container-core-columns-is-layout-9d6595d7 wp-block-columns-is-layout-flex\">\n<div class=\"wp-block-column is-layout-flow wp-block-column-is-layout-flow\" style=\"flex-basis:30%\"><\/div>\n\n\n\n<div class=\"wp-block-column is-layout-flow wp-block-column-is-layout-flow\" style=\"flex-basis:40%\">\n<div class=\"wp-block-grimlock-wrapper  wp-block-grimlock-wrapper--inner-full box--shadowed angled--left text-center\" style=\"--grimlock-wrapper-background-color:#ffffff;--grimlock-wrapper-margin-top:-150px;--grimlock-wrapper-padding-top:1.5rem;--grimlock-wrapper-padding-right:1.5rem;--grimlock-wrapper-padding-bottom:1.5rem;--grimlock-wrapper-padding-left:1.5rem;--grimlock-wrapper-border-top:1px solid #EAECEF;--grimlock-wrapper-border-bottom:1px solid #EAECEF;--grimlock-wrapper-border-left:1px solid #EAECEF;--grimlock-wrapper-border-right:1px solid #EAECEF;--grimlock-wrapper-border-top-left-radius:8px;--grimlock-wrapper-border-top-right-radius:8px;--grimlock-wrapper-border-bottom-left-radius:8px;--grimlock-wrapper-border-bottom-right-radius:8px\"><div class=\"wp-block-grimlock-wrapper__bg\"><\/div><div class=\"wp-block-grimlock-wrapper__bg-overlay\"><\/div><div class=\"wp-block-grimlock-wrapper__inner\">\t\t<div class=\"company-logo\">\n\t\t\t<img decoding=\"async\" width=\"321\" height=\"139\" src=\"https:\/\/balencio.com\/wp-content\/uploads\/2023\/07\/4ec78743427aca400b8af8e69fdc4833c144d756.png\" class=\"m-0\" alt=\"Logo Harmonie Mutuelle\" srcset=\"https:\/\/balencio.com\/wp-content\/uploads\/2023\/07\/4ec78743427aca400b8af8e69fdc4833c144d756.png 321w, https:\/\/balencio.com\/wp-content\/uploads\/2023\/07\/4ec78743427aca400b8af8e69fdc4833c144d756-300x130.png 300w\" sizes=\"(max-width: 321px) 100vw, 321px\" \/>\t\t<\/div>\n\t\t\n<\/div><\/div>\n<\/div>\n\n\n\n<div class=\"wp-block-column is-layout-flow wp-block-column-is-layout-flow\" style=\"flex-basis:30%\"><\/div>\n<\/div>\n\n<div style=\"height:2rem\" aria-hidden=\"true\" class=\"wp-block-spacer\"><\/div>\n\n<div class=\"wp-block-grimlock-wrapper alignfull  wp-block-grimlock-wrapper--inner-narrow\" style=\"--grimlock-wrapper-padding-bottom:6rem;--grimlock-wrapper-border-top:0 solid #00000000;--grimlock-wrapper-border-bottom:0 solid #00000000;--grimlock-wrapper-border-left:0 solid #00000000;--grimlock-wrapper-border-right:0 solid #00000000;--grimlock-wrapper-overflow:visible\"><div class=\"wp-block-grimlock-wrapper__bg\"><\/div><div class=\"wp-block-grimlock-wrapper__bg-overlay\"><\/div><div class=\"wp-block-grimlock-wrapper__inner\">\n<div class=\"wp-block-group has-balencio-grey-600-color has-text-color has-text-smaller-font-size is-content-justification-center is-nowrap is-layout-flex wp-container-core-group-is-layout-80041ad0 wp-block-group-is-layout-flex\">\n<div class=\"wp-block-group\"><div class=\"wp-block-group__inner-container is-layout-constrained wp-block-group-is-layout-constrained\">\n<p>Post\u00e9 le<\/p>\n<\/div><\/div>\n\n\n<div class=\"has-text-align-left wp-block-post-date\"><time datetime=\"2023-10-25T11:37:46+02:00\">25 October 2023<\/time><\/div><\/div>\n\n\n\n<div style=\"height:32px\" aria-hidden=\"true\" class=\"wp-block-spacer wp-embed-aspect-16-9 wp-has-aspect-ratio\"><\/div>\n\n\n\n<p class=\"has-text-align-center has-h-1-font-size\"><strong>&#8220;To offer our clients a quick and reliable diagnostic tool on the issue of well-being at work&#8221;<\/strong><\/p>\n\n\n\n<div style=\"height:9px\" aria-hidden=\"true\" class=\"wp-block-spacer wp-embed-aspect-16-9 wp-has-aspect-ratio\"><\/div>\n\n\n\n<p class=\"has-text-align-center wp-embed-aspect-16-9 wp-has-aspect-ratio has-balencio-blue-500-color has-text-color\" style=\"font-style:normal;font-weight:500\"><span class=\"span-reading-time rt-reading-time\"><span class=\"rt-label rt-prefix\"><\/span> <span class=\"rt-time\"> 3<\/span> <span class=\"rt-label rt-postfix\"><\/span><\/span> reading time<\/p>\n\n\n\n<div style=\"height:1rem\" aria-hidden=\"true\" class=\"wp-block-spacer wp-embed-aspect-16-9 wp-has-aspect-ratio\"><\/div>\n\n\n<figure style=\"width:100%;\" class=\"wp-embed-aspect-16-9 wp-has-aspect-ratio wp-block-post-featured-image\"><img decoding=\"async\" width=\"2560\" height=\"1440\" src=\"https:\/\/balencio.com\/wp-content\/uploads\/2023\/10\/groupe-multiracial-jeunes-creatifs-tenue-decontractee-intelligente-discutant-affaires-se-serrant-main-scaled.jpg\" class=\"attachment-full size-full wp-post-image\" alt=\"Image illustrant une poign\u00e9e de main entre deux personnes\" style=\"object-fit:cover;\" srcset=\"https:\/\/balencio.com\/wp-content\/uploads\/2023\/10\/groupe-multiracial-jeunes-creatifs-tenue-decontractee-intelligente-discutant-affaires-se-serrant-main-scaled.jpg 2560w, https:\/\/balencio.com\/wp-content\/uploads\/2023\/10\/groupe-multiracial-jeunes-creatifs-tenue-decontractee-intelligente-discutant-affaires-se-serrant-main-300x169.jpg 300w, https:\/\/balencio.com\/wp-content\/uploads\/2023\/10\/groupe-multiracial-jeunes-creatifs-tenue-decontractee-intelligente-discutant-affaires-se-serrant-main-1024x576.jpg 1024w, https:\/\/balencio.com\/wp-content\/uploads\/2023\/10\/groupe-multiracial-jeunes-creatifs-tenue-decontractee-intelligente-discutant-affaires-se-serrant-main-768x432.jpg 768w, https:\/\/balencio.com\/wp-content\/uploads\/2023\/10\/groupe-multiracial-jeunes-creatifs-tenue-decontractee-intelligente-discutant-affaires-se-serrant-main-1536x864.jpg 1536w, https:\/\/balencio.com\/wp-content\/uploads\/2023\/10\/groupe-multiracial-jeunes-creatifs-tenue-decontractee-intelligente-discutant-affaires-se-serrant-main-2048x1152.jpg 2048w, https:\/\/balencio.com\/wp-content\/uploads\/2023\/10\/groupe-multiracial-jeunes-creatifs-tenue-decontractee-intelligente-discutant-affaires-se-serrant-main-1850x1041.jpg 1850w\" sizes=\"(max-width: 2560px) 100vw, 2560px\" \/><\/figure>\n\n\n<div style=\"height:23px\" aria-hidden=\"true\" class=\"wp-block-spacer wp-embed-aspect-16-9 wp-has-aspect-ratio\"><\/div>\n\n\n\n<div class=\"wp-block-columns wp-embed-aspect-16-9 wp-has-aspect-ratio grimlock-columns-mobile--inverted is-layout-flex wp-container-core-columns-is-layout-9d6595d7 wp-block-columns-is-layout-flex\">\n<div class=\"wp-block-column is-layout-flow wp-block-column-is-layout-flow\" style=\"flex-basis:75%\">\n<p><\/p>\n\n\n<h2 class=\"wp-block-heading has-h-3-font-size\" id=\"who-is-harmonie-mutuelle\">Who is Harmonie Mutuelle ? <\/h2>\n\n\n<p>Harmonie Mutuelle, a founding member of the Groupe VYV, develops and offers <strong>solidarity-based solutions<\/strong> that empower individuals to take an active role in their own health and in society. As a leading actor in the mutual insurance sector in France, Harmonie Mutuelle works alongside more than <strong>70,000 companies<\/strong> to protect and support the development of their human capital. Its insurance solutions are enriched through the creation of social connections and by connecting members with experts and partners.  <\/p>\n\n\n\n<div style=\"height:2rem\" aria-hidden=\"true\" class=\"wp-block-spacer\"><\/div>\n\n\n<h2 class=\"wp-block-heading has-h-3-font-size\" id=\"why-a-partnership-with-balencio\"><strong>Why a partnership with Balencio?<\/strong><\/h2>\n\n\n<p>Florent Dupas, Marketing Director for the Corporate Market at Harmonie Mutuelle, was looking for a method to <strong>help HR directors better understand the situation<\/strong> within their teams regarding employees, particularly in terms of <strong>burnout risk<\/strong> and <strong>workplace engagement<\/strong>.<\/p>\n\n\n\n<p>\u201cWe were looking for a method that would enable HR directors to <strong>prioritize their future actions<\/strong>, by providing both an in-depth and <strong>targeted analysis of the measures to be taken<\/strong>. We explored various existing approaches, such as psychosocial risk (RPS) frameworks, quality of working life (QWL), and many others. In the end, we chose the Balencio approach.\u201d<\/p>\n\n\n\n<div style=\"height:2rem\" aria-hidden=\"true\" class=\"wp-block-spacer\"><\/div>\n\n\n<h2 class=\"wp-block-heading has-h-3-font-size\" id=\"the-advantages-of-balencio\">The advantages of Balencio<\/h2>\n\n\n<p>\u2705 The <strong>only method<\/strong> that combines an<strong> individual approach for the employee and a collective one for HR decision-makers<\/strong><\/p>\n\n\n\n<p>\u2705 A <strong>360\u00b0 view of the symptoms and explanatory factors<\/strong> of psychosocial risks<\/p>\n\n\n\n<p>\u2705 <strong>Scientifically validated<\/strong> method, developed by researchers<\/p>\n\n\n\n<p>\u2705 A <strong>solid basis for discussion<\/strong> to initiate social dialogue<\/p>\n\n\n\n<p>\u2705 A balanced diagnosis of both <strong>private and professional causes<\/strong><\/p>\n\n\n\n<p>\u2705 High-performance technological tools that <strong>speed up the diagnostic process and decision-making<\/strong><\/p>\n\n\n\n<div style=\"height:2rem\" aria-hidden=\"true\" class=\"wp-block-spacer\"><\/div>\n\n\n<h2 class=\"wp-block-heading has-h-3-font-size\" id=\"the-experience-of-harmonie-mutuelles-clients\">The experience of Harmonie Mutuelle\u2019s clients<\/h2>\n\n\n<p>Clients of Harmonie Mutuelle, particularly HR directors, have expressed their satisfaction with the Balencio approach, which <strong>includes personalized feedback for employees<\/strong>. \u201cThis approach has been praised as a way of empowering employees, as it enables them to take action at their own level. HR clients see this dimension as a<strong> cornerstone of the system<\/strong>.   &#8220;<\/p>\n\n\n\n<p><strong>The \u201cwow\u201d effect of the root-cause<\/strong> analysis is also highly appreciated. \u201cBalencio dashboards provide an accurate <strong>representation of the dynamics within the company<\/strong>, offering a factual perspective on sources of energy and burnout. This gives the tool and the analysis strong operational relevance.\u201dL&#8217;effet \u00ab waouh \u00bb de l&#8217;analyse des causes est \u00e9galement tr\u00e8s appr\u00e9ci\u00e9. \u00ab Les tableaux de bord de Balencio offrent une repr\u00e9sentation fid\u00e8le de la dynamique au sein de l&#8217;entreprise, apportant une perspective factuelle sur les sources d&#8217;\u00e9nergie et d&#8217;\u00e9puisement. Cela conf\u00e8re \u00e0 l&#8217;outil et \u00e0 l&#8217;analyse une grande pertinence op\u00e9rationnelle. \u00bb <\/p>\n\n\n\n<div style=\"height:2rem\" aria-hidden=\"true\" class=\"wp-block-spacer\"><\/div>\n\n\n<h2 class=\"wp-block-heading has-h-3-font-size\" id=\"features-used\">Features used<\/h2>\n\n\n<div class=\"wp-block-columns is-layout-flex wp-container-core-columns-is-layout-9d6595d7 wp-block-columns-is-layout-flex\">\n<div class=\"wp-block-column is-layout-flow wp-block-column-is-layout-flow\">\n<figure class=\"wp-block-image size-large is-style-small-rounded h-100\"><img decoding=\"async\" width=\"900\" height=\"831\" src=\"https:\/\/balencio.com\/wp-content\/uploads\/2023\/10\/matrice.svg\" alt=\"Illustration of a priority matrix displayed on a computer showing colored groupings for easy organization and visualization of key information.\" class=\"wp-image-5069\"\/><\/figure>\n<\/div>\n\n\n\n<div class=\"wp-block-column is-layout-flow wp-block-column-is-layout-flow\">\n<div style=\"height:1rem\" aria-hidden=\"true\" class=\"wp-block-spacer\"><\/div>\n\n\n\n<div class=\"wp-block-group is-nowrap is-layout-flex wp-container-core-group-is-layout-ad2f72ca wp-block-group-is-layout-flex\">\n<div style=\"margin-top:0px;margin-bottom:0px;margin-left:0px;margin-right:0px\" class=\"wp-block-getwid-icon has-layout-stacked is-aligned-center\"><div class=\"wp-block-getwid-icon__wrapper has-background has-balencio-primary-100-background-color has-text-color has-balencio-primary-600-color\" style=\"font-size:28px;padding:10px\"><i class=\"bx bx-analyse\"><\/i><\/div><\/div>\n\n\n<h3 class=\"wp-block-heading has-text-color has-h-5-font-size\" style=\"color:#000078\" id=\"priorities-matrix\">Priorities matrix <\/h3><\/div>\n\n\n\n<p class=\"has-balencio-grey-600-color has-text-color has-text-smaller-font-size\">Visualize at a glance the strengths to cultivate and the points of attention to work on a priority basis.<br\/><a href=\"https:\/\/balencio.com\/en\/agir\/priorities-matrix\/\">Learn more<\/a><\/p>\n\n\n\n<div class=\"wp-block-group is-nowrap is-layout-flex wp-container-core-group-is-layout-ad2f72ca wp-block-group-is-layout-flex\">\n<div style=\"margin-top:0px;margin-bottom:0px;margin-left:0px;margin-right:0px\" class=\"wp-block-getwid-icon has-layout-stacked is-aligned-center\"><div class=\"wp-block-getwid-icon__wrapper has-background has-balencio-primary-100-background-color has-text-color has-balencio-primary-600-color\" style=\"font-size:28px;padding:10px\"><i class=\"bx bx-analyse\"><\/i><\/div><\/div>\n\n\n<h3 class=\"wp-block-heading has-text-color has-h-5-font-size\" style=\"color:#000078\" id=\"employee-recommendations\">Employee recommendations<\/h3><\/div>\n\n\n\n<div style=\"height:1rem\" aria-hidden=\"true\" class=\"wp-block-spacer\"><\/div>\n\n\n\n<p class=\"has-balencio-grey-600-color has-text-color has-text-smaller-font-size\">Help your employees become actors of their own well-being.<br\/><a href=\"https:\/\/balencio.com\/en\/agir\/employee-recommendations\/\">Learn more<\/a><\/p>\n\n\n\n<div class=\"wp-block-group is-nowrap is-layout-flex wp-container-core-group-is-layout-ad2f72ca wp-block-group-is-layout-flex\">\n<div style=\"margin-top:0px;margin-bottom:0px;margin-left:0px;margin-right:0px\" class=\"wp-block-getwid-icon has-layout-stacked is-aligned-center\"><div class=\"wp-block-getwid-icon__wrapper has-background has-balencio-primary-100-background-color has-text-color has-balencio-primary-500-color\" style=\"font-size:28px;padding:10px\"><i class=\"bx bx-analyse\"><\/i><\/div><\/div>\n\n\n<h3 class=\"wp-block-heading has-text-color has-h-5-font-size\" style=\"color:#000078\" id=\"scientific-scans\">Scientific scans<\/h3><\/div>\n\n\n\n<p class=\"has-balencio-grey-600-color has-text-color has-text-smaller-font-size\">Get a global and objective view of your human capital thanks to our multifactorial models validated by UCLouvain.<br\/><a href=\"https:\/\/balencio.com\/en\/measure\/scientific-scans\/\">Learn more<\/a><\/p>\n<\/div>\n<\/div>\n\n\n\n<div style=\"height:0px\" aria-hidden=\"true\" class=\"wp-block-spacer\"><\/div>\n\n\n\n<div class=\"wp-block-columns is-layout-flex wp-container-core-columns-is-layout-9d6595d7 wp-block-columns-is-layout-flex\">\n<div class=\"wp-block-column is-layout-flow wp-block-column-is-layout-flow\">\n<div style=\"height:1rem\" aria-hidden=\"true\" class=\"wp-block-spacer\"><\/div>\n\n\n\n<div style=\"height:0px\" aria-hidden=\"true\" class=\"wp-block-spacer\"><\/div>\n<\/div>\n<\/div>\n\n\n\n<div style=\"height:46px\" aria-hidden=\"true\" class=\"wp-block-spacer\"><\/div>\n\n\n<h2 class=\"wp-block-heading has-h-3-font-size\" id=\"why-does-harmonie-mutuelle-recommend-balencio\"><strong>Why does Harmonie Mutuelle recommend Balencio<\/strong><\/h2>\n\n\n<p>In organizations, the real challenge often lies in understanding internal dynamics. \u201cI would recommend Balencio as a <strong>fast and reliable analysis tool to understand what is truly happening within teams<\/strong>. Its unique approach, which combines both speed and reliability, clearly sets it apart from competing methods.\u201d <\/p>\n\n\n\n<div style=\"height:83px\" aria-hidden=\"true\" class=\"wp-block-spacer\"><\/div>\n\n\n\n<div class=\"wp-block-grimlock-wrapper  wp-block-grimlock-wrapper--inner-full balencio-testimonial box--shadowed\" style=\"--grimlock-wrapper-background-color:#ffffff;--grimlock-wrapper-padding-top:1.75rem;--grimlock-wrapper-padding-right:2.75rem;--grimlock-wrapper-padding-bottom:1.75rem;--grimlock-wrapper-padding-left:2.75rem;--grimlock-wrapper-border-top:1px solid #EAECEF;--grimlock-wrapper-border-bottom:1px solid #EAECEF;--grimlock-wrapper-border-left:1px solid #EAECEF;--grimlock-wrapper-border-right:1px solid #EAECEF;--grimlock-wrapper-border-top-left-radius:27px;--grimlock-wrapper-border-top-right-radius:0px;--grimlock-wrapper-border-bottom-left-radius:27px;--grimlock-wrapper-border-bottom-right-radius:27px;--grimlock-wrapper-overflow:visible\"><div class=\"wp-block-grimlock-wrapper__bg\"><\/div><div class=\"wp-block-grimlock-wrapper__bg-overlay\"><\/div><div class=\"wp-block-grimlock-wrapper__inner\">\n<p class=\"has-balencio-blue-400-color has-text-color has-h-3-font-size\" style=\"font-style:italic;font-weight:600\">Quotes<\/p>\n\n\n\n<div class=\"wp-block-columns are-vertically-aligned-center is-layout-flex wp-container-core-columns-is-layout-9d6595d7 wp-block-columns-is-layout-flex\">\n<div class=\"wp-block-column is-vertically-aligned-center is-layout-flow wp-block-column-is-layout-flow\" style=\"flex-basis:25%\"><div class=\"wp-block-image is-style-rounded\">\n<figure class=\"aligncenter size-full\"><img decoding=\"async\" width=\"200\" height=\"200\" src=\"https:\/\/balencio.com\/wp-content\/uploads\/2023\/10\/florent_dupas.jpeg\" alt=\"Portrait of Florent Dupas\" class=\"wp-image-5057\" srcset=\"https:\/\/balencio.com\/wp-content\/uploads\/2023\/10\/florent_dupas.jpeg 200w, https:\/\/balencio.com\/wp-content\/uploads\/2023\/10\/florent_dupas-150x150.jpeg 150w\" sizes=\"(max-width: 200px) 100vw, 200px\" \/><\/figure>\n<\/div>\n\n\n<p class=\"has-text-align-center has-text-smaller-font-size\"><strong>Florent Dupas<\/strong><\/p>\n\n\n\n<p class=\"has-text-align-center has-balencio-grey-700-color has-text-color has-text-smaller-font-size\">Director of Market Marketing for Companies<\/p>\n<\/div>\n\n\n\n<div class=\"wp-block-column is-vertically-aligned-center is-layout-flow wp-block-column-is-layout-flow\" style=\"flex-basis:75%\">\n<p class=\"has-balencio-blue-400-color has-text-color has-text-bigger-font-size\"><em>\u201cThe collaboration with Balencio has represented an exceptional opportunity for Harmonie Mutuelle to <strong>take a position on the crucial issue of workplace health and well-being<\/strong>. It has enabled us to address this topic in a serious and practical way alongside our clients.\u201d<\/em><\/p>\n<\/div>\n<\/div>\n<\/div><\/div>\n<\/div>\n\n\n\n<div class=\"wp-block-column column--sticky is-layout-flow wp-block-column-is-layout-flow\" style=\"flex-basis:25%\">\n<div class=\"wp-block-grimlock-wrapper  wp-block-grimlock-wrapper--inner-full box--shadowed\" style=\"--grimlock-wrapper-background-color:#ffffff;--grimlock-wrapper-padding-top:2rem;--grimlock-wrapper-padding-right:1rem;--grimlock-wrapper-padding-bottom:2rem;--grimlock-wrapper-padding-left:1rem;--grimlock-wrapper-border-top:1px solid #EAECEF;--grimlock-wrapper-border-bottom:1px solid #EAECEF;--grimlock-wrapper-border-left:1px solid #EAECEF;--grimlock-wrapper-border-right:1px solid #EAECEF;--grimlock-wrapper-border-top-left-radius:27px;--grimlock-wrapper-border-top-right-radius:0px;--grimlock-wrapper-border-bottom-left-radius:27px;--grimlock-wrapper-border-bottom-right-radius:27px\"><div class=\"wp-block-grimlock-wrapper__bg\"><\/div><div class=\"wp-block-grimlock-wrapper__bg-overlay\"><\/div><div class=\"wp-block-grimlock-wrapper__inner\">\t\t<div class=\"company-logo\">\n\t\t\t<img decoding=\"async\" width=\"321\" height=\"139\" src=\"https:\/\/balencio.com\/wp-content\/uploads\/2023\/07\/4ec78743427aca400b8af8e69fdc4833c144d756.png\" class=\"m-0\" alt=\"Logo Harmonie Mutuelle\" srcset=\"https:\/\/balencio.com\/wp-content\/uploads\/2023\/07\/4ec78743427aca400b8af8e69fdc4833c144d756.png 321w, https:\/\/balencio.com\/wp-content\/uploads\/2023\/07\/4ec78743427aca400b8af8e69fdc4833c144d756-300x130.png 300w\" sizes=\"(max-width: 321px) 100vw, 321px\" \/>\t\t<\/div>\n\t\t\n\n\n\n<div style=\"height:2rem\" aria-hidden=\"true\" class=\"wp-block-spacer\"><\/div>\n\n\n\n<p class=\"has-balencio-grey-600-color has-text-color has-text-smaller-font-size\" style=\"text-transform:uppercase\">Location<\/p>\n\n\n\n<p class=\"has-balencio-grey-700-color has-text-color has-text-smaller-font-size\" style=\"font-style:normal;font-weight:600\">Throughout France<\/p>\n\n\n\n<p class=\"has-balencio-grey-600-color has-text-color has-text-smaller-font-size\" style=\"text-transform:uppercase\">Number of customers<\/p>\n\n\n\n<p class=\"has-balencio-grey-700-color has-text-color has-text-smaller-font-size\" style=\"font-style:normal;font-weight:600\">70.000 companies<\/p>\n\n\n\n<p class=\"has-balencio-grey-600-color has-text-color has-text-smaller-font-size\" style=\"text-transform:uppercase\">Industry<\/p>\n\n\n\n<p class=\"has-balencio-grey-700-color has-text-color has-text-smaller-font-size\" style=\"font-style:normal;font-weight:600\">Mutuelle<\/p>\n\n\n\n<p class=\"has-balencio-grey-600-color has-text-color has-text-smaller-font-size\" style=\"text-transform:uppercase\">Solutions \/ Modules used<\/p>\n\n\n\n<p class=\"has-balencio-grey-700-color has-text-color has-text-smaller-font-size\" style=\"font-style:normal;font-weight:600\">Balance and Energy Diagnosis<\/p>\n<\/div><\/div>\n<\/div>\n<\/div>\n<\/div><\/div>\n\n<div class=\"wp-block-grimlock-wrapper alignfull\" style=\"--grimlock-wrapper-background-color:#F8F9FA;--grimlock-wrapper-padding-top:6rem;--grimlock-wrapper-padding-bottom:4rem;--grimlock-wrapper-border-top:0 solid #00000000;--grimlock-wrapper-border-bottom:0 solid #00000000;--grimlock-wrapper-border-left:0 solid #00000000;--grimlock-wrapper-border-right:0 solid #00000000\"><div class=\"wp-block-grimlock-wrapper__bg\"><\/div><div class=\"wp-block-grimlock-wrapper__bg-overlay\"><\/div><div class=\"wp-block-grimlock-wrapper__inner\"><h2 class=\"wp-block-heading decoration-line--left decoration--color-primary-100\" id=\"our-latest-resources\">Our latest resources<\/h2>\n\n\n<div style=\"height:2rem\" aria-hidden=\"true\" class=\"wp-block-spacer\"><\/div>\n\n\n\t\t\t<div  class=\" wp-block-grimlock-query grimlock-query grimlock-posts--3-3-3-3-cols-classic grimlock-posts--per-page-4 grimlock-posts--type-post\" style=\"border-color:transparent;border-style:solid;border-width:0;\"  >\n\n\t\t\t\n\t\t\t\t<article id=\"post-69f065eef342b\" class=\"post-8693 post type-post status-publish format-standard has-post-thumbnail hentry category-articles tag-article\">\n\t\t\t\t\t\t<div class=\"card grimlock-post__card post__card\">\n\t\t\n\t\t\t<div class=\"card-media\">\n\n\t\t\t\t\n\t\t\t\t\t\t<div class=\"card-floating\">\n\t\t\t\t\t\t\t\t\t\t\t\t\t<\/div>\n\n\t\t\t\t\t\t\t\t\t\t\t\t<div class=\"post-thumbnail\">\n\t\t\t\t\t\t\t<img decoding=\"async\" width=\"500\" height=\"370\" src=\"https:\/\/balencio.com\/wp-content\/uploads\/2023\/09\/eNPS-500x370.png\" class=\"card-img wp-post-image\" alt=\"eNPS\" \/>\t\t\t\t\t\t<\/div>\n\t\t\t\t\t\n\t\t\t<\/div><!-- .card-media -->\n\n\t\t\n\t\t<div class=\"card-body\">\n\t\t\t\t<header class=\"entry-header clearfix\">\n\t\t<h2 class=\"entry-title\"><a href=\"https:\/\/balencio.com\/en\/understanding-and-applying-the-enps-a-key-tool-for-measuring-employee-engagement\/\" rel=\"bookmark\" >Understanding and applying the eNPS : a key tool for measuring employee engagement<\/a><\/h2>\t<\/header><!-- .entry-header -->\n\t\t\t\t<div class=\"entry-summary clearfix\">\n\t\t\t\t<p>Discover the eNPS (Employee Net Promoter Score), the indicator to measure your employees&#8217; satisfaction and their propensity to recommend your company.<\/p>\n\t\t\t<\/div><!-- .entry-summary -->\n\t\t\t\t<div class=\"byline author\">\n\t\t\t<a href=\"https:\/\/balencio.com\/en\/author\/marketing\/\">\n\t\t\t\t<span class=\"author-avatar\"><img alt='Caroline Iweins' src='https:\/\/secure.gravatar.com\/avatar\/c44293183b2151a3fca831cda0ad29ac55754736b1aab68d1c67822cb3f8e005?s=32&#038;d=mm&#038;r=g' srcset='https:\/\/secure.gravatar.com\/avatar\/c44293183b2151a3fca831cda0ad29ac55754736b1aab68d1c67822cb3f8e005?s=64&#038;d=mm&#038;r=g 2x' class='avatar avatar-32 photo rounded-circle' height='32' width='32' \/><\/span>\n\t\t\t\t<div>\n\t\t\t\t\t<div class=\"author-vcard vcard\">Caroline Iweins<\/div>\n\t\t\t\t\t<div class=\"author-function\">Head of Research &#038; Development<\/div>\n\t\t\t\t<\/div>\n\t\t\t<\/a>\n\t\t<\/div>\n\t\t\t<footer class=\"entry-footer clearfix\">\n\t\t\t<div class=\"post-date posted-on\"><span class=\"posted-on-label d-none\">Posted on <\/span><span><time class=\"entry-date published\" datetime=\"2023-09-17T22:09:47+02:00\">17 September 2023<\/time><time class=\"updated\" datetime=\"2026-04-21T16:36:25+02:00\">21 April 2026<\/time><\/span><\/div>\t\t<\/footer><!-- .entry-footer -->\n\t\t\t<\/div><!-- .card-body -->\n\n\t\t\t<\/div><!-- .card -->\n\t\t\t\t\t<\/article><!-- #post-## -->\n\n\t\t\t\n\t\t\t\t<article id=\"post-69f065ef01417\" class=\"post-8682 post type-post status-publish format-standard has-post-thumbnail hentry category-articles tag-article\">\n\t\t\t\t\t\t<div class=\"card grimlock-post__card post__card\">\n\t\t\n\t\t\t<div class=\"card-media\">\n\n\t\t\t\t\n\t\t\t\t\t\t<div class=\"card-floating\">\n\t\t\t\t\t\t\t\t\t\t\t\t\t<\/div>\n\n\t\t\t\t\t\t\t\t\t\t\t\t<div class=\"post-thumbnail\">\n\t\t\t\t\t\t\t<img decoding=\"async\" width=\"500\" height=\"249\" src=\"https:\/\/balencio.com\/wp-content\/uploads\/2023\/08\/resilience-2.svg\" class=\"card-img wp-post-image\" alt=\"Illustration symbolisant la r\u00e9silience, montrant une personne courant pour franchir un espace entre deux rochers, repr\u00e9sentant la progression, la d\u00e9termination et la capacit\u00e9 \u00e0 d\u00e9passer les obstacles.\" \/>\t\t\t\t\t\t<\/div>\n\t\t\t\t\t\n\t\t\t<\/div><!-- .card-media -->\n\n\t\t\n\t\t<div class=\"card-body\">\n\t\t\t\t<header class=\"entry-header clearfix\">\n\t\t<h2 class=\"entry-title\"><a href=\"https:\/\/balencio.com\/en\/resilience-definition-traits-and-key-skills\/\" rel=\"bookmark\" >Resilience : definition, traits, and key skills<\/a><\/h2>\t<\/header><!-- .entry-header -->\n\t\t\t\t<div class=\"entry-summary clearfix\">\n\t\t\t\t<p>Resilience refers to the ability of an individual to adapt when facing challenges and obstacles. The easier the individual is to adapt, the more he will be characterized as resilient.  <\/p>\n\t\t\t<\/div><!-- .entry-summary -->\n\t\t\t\t<div class=\"byline author\">\n\t\t\t<a href=\"https:\/\/balencio.com\/en\/author\/emeline\/\">\n\t\t\t\t<span class=\"author-avatar\"><img alt='Emeline Martin' src='https:\/\/secure.gravatar.com\/avatar\/5eac71021853d1167789c10c1d7d4429ca0cb6b5daef221e50d9f771ee898ac3?s=32&#038;d=mm&#038;r=g' srcset='https:\/\/secure.gravatar.com\/avatar\/5eac71021853d1167789c10c1d7d4429ca0cb6b5daef221e50d9f771ee898ac3?s=64&#038;d=mm&#038;r=g 2x' class='avatar avatar-32 photo rounded-circle' height='32' width='32' \/><\/span>\n\t\t\t\t<div>\n\t\t\t\t\t<div class=\"author-vcard vcard\">Emeline Martin<\/div>\n\t\t\t\t\t<div class=\"author-function\"><\/div>\n\t\t\t\t<\/div>\n\t\t\t<\/a>\n\t\t<\/div>\n\t\t\t<footer class=\"entry-footer clearfix\">\n\t\t\t<div class=\"post-date posted-on\"><span class=\"posted-on-label d-none\">Posted on <\/span><span><time class=\"entry-date published\" datetime=\"2023-09-22T10:49:30+02:00\">22 September 2023<\/time><time class=\"updated\" datetime=\"2026-04-21T15:04:52+02:00\">21 April 2026<\/time><\/span><\/div>\t\t<\/footer><!-- .entry-footer -->\n\t\t\t<\/div><!-- .card-body -->\n\n\t\t\t<\/div><!-- .card -->\n\t\t\t\t\t<\/article><!-- #post-## -->\n\n\t\t\t\n\t\t\t\t<article id=\"post-69f065ef0259b\" class=\"post-8721 post type-post status-publish format-standard has-post-thumbnail hentry category-articles tag-article\">\n\t\t\t\t\t\t<div class=\"card grimlock-post__card post__card\">\n\t\t\n\t\t\t<div class=\"card-media\">\n\n\t\t\t\t\n\t\t\t\t\t\t<div class=\"card-floating\">\n\t\t\t\t\t\t\t\t\t\t\t\t\t<\/div>\n\n\t\t\t\t\t\t\t\t\t\t\t\t<div class=\"post-thumbnail\">\n\t\t\t\t\t\t\t<img decoding=\"async\" width=\"500\" height=\"249\" src=\"https:\/\/balencio.com\/wp-content\/uploads\/2023\/09\/time.svg\" class=\"card-img wp-post-image\" alt=\"Illustration d\u2019une personne assise sur une grande horloge, \u00e0 c\u00f4t\u00e9 d\u2019un calendrier, symbolisant la flexibilit\u00e9 des horaires.\" \/>\t\t\t\t\t\t<\/div>\n\t\t\t\t\t\n\t\t\t<\/div><!-- .card-media -->\n\n\t\t\n\t\t<div class=\"card-body\">\n\t\t\t\t<header class=\"entry-header clearfix\">\n\t\t<h2 class=\"entry-title\"><a href=\"https:\/\/balencio.com\/en\/flexibility-and-autonomy-challenges-and-best-practices\/\" rel=\"bookmark\" >Flexibility and autonomy : challenges and best practices<\/a><\/h2>\t<\/header><!-- .entry-header -->\n\t\t\t\t<div class=\"entry-summary clearfix\">\n\t\t\t\t<p>Why and how to offer more autonomy to workers with flexible hours ? What are the advantages and disadvantages? <\/p>\n\t\t\t<\/div><!-- .entry-summary -->\n\t\t\t\t<div class=\"byline author\">\n\t\t\t<a href=\"https:\/\/balencio.com\/en\/author\/emeline\/\">\n\t\t\t\t<span class=\"author-avatar\"><img alt='Emeline Martin' src='https:\/\/secure.gravatar.com\/avatar\/5eac71021853d1167789c10c1d7d4429ca0cb6b5daef221e50d9f771ee898ac3?s=32&#038;d=mm&#038;r=g' srcset='https:\/\/secure.gravatar.com\/avatar\/5eac71021853d1167789c10c1d7d4429ca0cb6b5daef221e50d9f771ee898ac3?s=64&#038;d=mm&#038;r=g 2x' class='avatar avatar-32 photo rounded-circle' height='32' width='32' \/><\/span>\n\t\t\t\t<div>\n\t\t\t\t\t<div class=\"author-vcard vcard\">Emeline Martin<\/div>\n\t\t\t\t\t<div class=\"author-function\"><\/div>\n\t\t\t\t<\/div>\n\t\t\t<\/a>\n\t\t<\/div>\n\t\t\t<footer class=\"entry-footer clearfix\">\n\t\t\t<div class=\"post-date posted-on\"><span class=\"posted-on-label d-none\">Posted on <\/span><span><time class=\"entry-date published\" datetime=\"2023-09-04T13:33:49+02:00\">4 September 2023<\/time><time class=\"updated\" datetime=\"2026-04-22T12:07:41+02:00\">22 April 2026<\/time><\/span><\/div>\t\t<\/footer><!-- .entry-footer -->\n\t\t\t<\/div><!-- .card-body -->\n\n\t\t\t<\/div><!-- .card -->\n\t\t\t\t\t<\/article><!-- #post-## -->\n\n\t\t\t\n\t\t\t<\/div><!-- .grimlock-region -->\n\t\t<\/div><\/div>\n\n<div class=\"wp-block-grimlock-wrapper alignfull bg--dotted\" style=\"--grimlock-wrapper-background-color:#ffffff00;--grimlock-wrapper-padding-top:6vw;--grimlock-wrapper-padding-right:0rem;--grimlock-wrapper-padding-bottom:6vw;--grimlock-wrapper-border-top:0 solid #00000000;--grimlock-wrapper-border-bottom:0 solid #00000000;--grimlock-wrapper-border-left:0 solid #00000000;--grimlock-wrapper-border-right:0 solid #00000000;--grimlock-wrapper-overflow:visible\"><div class=\"wp-block-grimlock-wrapper__bg\"><\/div><div class=\"wp-block-grimlock-wrapper__bg-overlay\"><\/div><div class=\"wp-block-grimlock-wrapper__inner\">\n<div class=\"wp-block-group\" data-aos=\"fade-down-right\" data-aos-duration=\"750\" data-aos-once=\"true\"><div class=\"wp-block-group__inner-container is-layout-constrained wp-block-group-is-layout-constrained\"><\/div><\/div>\n\n\n\n\n<\/div><\/div>\n\n<div class=\"wp-block-grimlock-wrapper  wp-block-grimlock-wrapper--inner-narrow\" style=\"--grimlock-wrapper-text-color:#ffffff;--grimlock-wrapper-headings-color:#ffffff;--grimlock-wrapper-background-color:linear-gradient(288deg,rgb(148,160,255) 0%,rgb(83,96,191) 100%);--grimlock-wrapper-margin-top:4vw;--grimlock-wrapper-margin-bottom:4vw;--grimlock-wrapper-padding-top:5rem;--grimlock-wrapper-padding-right:4vw;--grimlock-wrapper-padding-bottom:3rem;--grimlock-wrapper-padding-left:4vw;--grimlock-wrapper-border-top:0 solid #00000000;--grimlock-wrapper-border-bottom:0 solid #00000000;--grimlock-wrapper-border-left:0 solid #00000000;--grimlock-wrapper-border-right:0 solid #00000000;--grimlock-wrapper-border-top-left-radius:40px;--grimlock-wrapper-border-top-right-radius:0px;--grimlock-wrapper-border-bottom-left-radius:40px;--grimlock-wrapper-border-bottom-right-radius:40px\" data-aos=\"fade-up\" data-aos-duration=\"750\" data-aos-once=\"true\"><div class=\"wp-block-grimlock-wrapper__bg\"><\/div><div class=\"wp-block-grimlock-wrapper__bg-overlay\"><\/div><div class=\"wp-block-grimlock-wrapper__inner\">\n<h2 class=\"wp-block-heading has-text-align-center decoration-lines--right decoration--color-warning-400\">Join over <mark style=\"background-color:#FFC078\" class=\"has-inline-color\">250 satisfied companies<\/mark><\/h2>\n\n\n\n<div style=\"height:1rem\" aria-hidden=\"true\" class=\"wp-block-spacer\"><\/div>\n\n\n\n<div class=\"wp-block-buttons is-content-justification-center is-layout-flex wp-container-core-buttons-is-layout-16018d1d wp-block-buttons-is-layout-flex\">\n<div class=\"wp-block-button popmake-3063\"><a class=\"wp-block-button__link has-text-align-left wp-element-button\">Talk to the Balencio team<\/a><\/div>\n<\/div>\n<\/div><\/div>\n","protected":false},"excerpt":{"rendered":"<p>Harmonie Mutuelle, a founding member of the Groupe VYV, designs and develops solidarity-based solutions that empower individuals to take an active role in their health and in society. As a leading player in the mutual insurance sector in France, Harmonie Mutuelle works alongside more than 70,000 companies to protect and foster their human potential. Its insurance offerings are enhanced by the creation of social connections and by connecting members with experts and partners.  <\/p>\n","protected":false},"author":3,"featured_media":5064,"comment_status":"closed","ping_status":"closed","sticky":false,"template":"","format":"standard","meta":{"_acf_changed":false,"inline_featured_image":false,"footnotes":""},"categories":[50],"tags":[54],"class_list":["post-8676","post","type-post","status-publish","format-standard","has-post-thumbnail","hentry","category-customers","tag-testimony"],"acf":[],"yoast_head":"<!-- This site is optimized with the Yoast SEO plugin v27.3 - https:\/\/yoast.com\/product\/yoast-seo-wordpress\/ -->\n<title>Harmonie Mutuelle and Balencio : an effective HR diagnosis - Balencio<\/title>\n<meta name=\"description\" content=\"Balencio x Harmonie Mutuelle : collaboration around health and well-being at work, with customer testimonials and measurable impact.\" \/>\n<meta name=\"robots\" content=\"index, follow, max-snippet:-1, max-image-preview:large, max-video-preview:-1\" \/>\n<link rel=\"canonical\" href=\"https:\/\/balencio.com\/en\/harmonie-mutuelle-and-balencio-an-effective-hr-diagnosis\/\" \/>\n<meta property=\"og:locale\" content=\"en_US\" \/>\n<meta property=\"og:type\" content=\"article\" \/>\n<meta property=\"og:title\" content=\"Harmonie Mutuelle and Balencio : an effective HR diagnosis - Balencio\" \/>\n<meta property=\"og:description\" content=\"Balencio x Harmonie Mutuelle : collaboration around health and well-being at work, with customer testimonials and measurable impact.\" \/>\n<meta property=\"og:url\" content=\"https:\/\/balencio.com\/en\/harmonie-mutuelle-and-balencio-an-effective-hr-diagnosis\/\" \/>\n<meta property=\"og:site_name\" content=\"Balencio\" \/>\n<meta property=\"article:published_time\" content=\"2023-10-25T09:37:46+00:00\" \/>\n<meta property=\"article:modified_time\" content=\"2026-04-21T12:49:12+00:00\" \/>\n<meta property=\"og:image\" content=\"https:\/\/balencio.com\/wp-content\/uploads\/2023\/10\/groupe-multiracial-jeunes-creatifs-tenue-decontractee-intelligente-discutant-affaires-se-serrant-main-scaled.jpg\" \/>\n\t<meta property=\"og:image:width\" content=\"2560\" \/>\n\t<meta property=\"og:image:height\" content=\"1440\" \/>\n\t<meta property=\"og:image:type\" content=\"image\/jpeg\" \/>\n<meta name=\"author\" content=\"Emeline Martin\" \/>\n<meta name=\"twitter:card\" content=\"summary_large_image\" \/>\n<meta name=\"twitter:label1\" content=\"Written by\" \/>\n\t<meta name=\"twitter:data1\" content=\"Emeline Martin\" \/>\n\t<meta name=\"twitter:label2\" content=\"Est. reading time\" \/>\n\t<meta name=\"twitter:data2\" content=\"3 minutes\" \/>\n<script type=\"application\/ld+json\" class=\"yoast-schema-graph\">{\"@context\":\"https:\\\/\\\/schema.org\",\"@graph\":[{\"@type\":\"Article\",\"@id\":\"https:\\\/\\\/balencio.com\\\/en\\\/harmonie-mutuelle-and-balencio-an-effective-hr-diagnosis\\\/#article\",\"isPartOf\":{\"@id\":\"https:\\\/\\\/balencio.com\\\/en\\\/harmonie-mutuelle-and-balencio-an-effective-hr-diagnosis\\\/\"},\"author\":{\"name\":\"Emeline Martin\",\"@id\":\"https:\\\/\\\/balencio.com\\\/en\\\/#\\\/schema\\\/person\\\/a69b4c54f1e20e7ba8337bab91c2f1c6\"},\"headline\":\"Harmonie Mutuelle and Balencio : an effective HR diagnosis\",\"datePublished\":\"2023-10-25T09:37:46+00:00\",\"dateModified\":\"2026-04-21T12:49:12+00:00\",\"mainEntityOfPage\":{\"@id\":\"https:\\\/\\\/balencio.com\\\/en\\\/harmonie-mutuelle-and-balencio-an-effective-hr-diagnosis\\\/\"},\"wordCount\":627,\"publisher\":{\"@id\":\"https:\\\/\\\/balencio.com\\\/en\\\/#organization\"},\"image\":{\"@id\":\"https:\\\/\\\/balencio.com\\\/en\\\/harmonie-mutuelle-and-balencio-an-effective-hr-diagnosis\\\/#primaryimage\"},\"thumbnailUrl\":\"https:\\\/\\\/balencio.com\\\/wp-content\\\/uploads\\\/2023\\\/10\\\/groupe-multiracial-jeunes-creatifs-tenue-decontractee-intelligente-discutant-affaires-se-serrant-main-scaled.jpg\",\"keywords\":[\"Testimony\"],\"articleSection\":[\"Customers\"],\"inLanguage\":\"en-US\"},{\"@type\":\"WebPage\",\"@id\":\"https:\\\/\\\/balencio.com\\\/en\\\/harmonie-mutuelle-and-balencio-an-effective-hr-diagnosis\\\/\",\"url\":\"https:\\\/\\\/balencio.com\\\/en\\\/harmonie-mutuelle-and-balencio-an-effective-hr-diagnosis\\\/\",\"name\":\"Harmonie Mutuelle and Balencio : an effective HR diagnosis - Balencio\",\"isPartOf\":{\"@id\":\"https:\\\/\\\/balencio.com\\\/en\\\/#website\"},\"primaryImageOfPage\":{\"@id\":\"https:\\\/\\\/balencio.com\\\/en\\\/harmonie-mutuelle-and-balencio-an-effective-hr-diagnosis\\\/#primaryimage\"},\"image\":{\"@id\":\"https:\\\/\\\/balencio.com\\\/en\\\/harmonie-mutuelle-and-balencio-an-effective-hr-diagnosis\\\/#primaryimage\"},\"thumbnailUrl\":\"https:\\\/\\\/balencio.com\\\/wp-content\\\/uploads\\\/2023\\\/10\\\/groupe-multiracial-jeunes-creatifs-tenue-decontractee-intelligente-discutant-affaires-se-serrant-main-scaled.jpg\",\"datePublished\":\"2023-10-25T09:37:46+00:00\",\"dateModified\":\"2026-04-21T12:49:12+00:00\",\"description\":\"Balencio x Harmonie Mutuelle : collaboration around health and well-being at work, with customer testimonials and measurable impact.\",\"breadcrumb\":{\"@id\":\"https:\\\/\\\/balencio.com\\\/en\\\/harmonie-mutuelle-and-balencio-an-effective-hr-diagnosis\\\/#breadcrumb\"},\"inLanguage\":\"en-US\",\"potentialAction\":[{\"@type\":\"ReadAction\",\"target\":[\"https:\\\/\\\/balencio.com\\\/en\\\/harmonie-mutuelle-and-balencio-an-effective-hr-diagnosis\\\/\"]}]},{\"@type\":\"ImageObject\",\"inLanguage\":\"en-US\",\"@id\":\"https:\\\/\\\/balencio.com\\\/en\\\/harmonie-mutuelle-and-balencio-an-effective-hr-diagnosis\\\/#primaryimage\",\"url\":\"https:\\\/\\\/balencio.com\\\/wp-content\\\/uploads\\\/2023\\\/10\\\/groupe-multiracial-jeunes-creatifs-tenue-decontractee-intelligente-discutant-affaires-se-serrant-main-scaled.jpg\",\"contentUrl\":\"https:\\\/\\\/balencio.com\\\/wp-content\\\/uploads\\\/2023\\\/10\\\/groupe-multiracial-jeunes-creatifs-tenue-decontractee-intelligente-discutant-affaires-se-serrant-main-scaled.jpg\",\"width\":2560,\"height\":1440,\"caption\":\"Multiracial group of young creative people in smart casual wear discussing business shaking hands together and smiling while standing in modern office. Partner cooperation, coworker teamwork concept.\"},{\"@type\":\"BreadcrumbList\",\"@id\":\"https:\\\/\\\/balencio.com\\\/en\\\/harmonie-mutuelle-and-balencio-an-effective-hr-diagnosis\\\/#breadcrumb\",\"itemListElement\":[{\"@type\":\"ListItem\",\"position\":1,\"name\":\"Home\",\"item\":\"https:\\\/\\\/balencio.com\\\/en\\\/\"},{\"@type\":\"ListItem\",\"position\":2,\"name\":\"Harmonie Mutuelle and Balencio : an effective HR diagnosis\"}]},{\"@type\":\"WebSite\",\"@id\":\"https:\\\/\\\/balencio.com\\\/en\\\/#website\",\"url\":\"https:\\\/\\\/balencio.com\\\/en\\\/\",\"name\":\"Balencio\",\"description\":\"Expert en gestion du capital humain\",\"publisher\":{\"@id\":\"https:\\\/\\\/balencio.com\\\/en\\\/#organization\"},\"potentialAction\":[{\"@type\":\"SearchAction\",\"target\":{\"@type\":\"EntryPoint\",\"urlTemplate\":\"https:\\\/\\\/balencio.com\\\/en\\\/?s={search_term_string}\"},\"query-input\":{\"@type\":\"PropertyValueSpecification\",\"valueRequired\":true,\"valueName\":\"search_term_string\"}}],\"inLanguage\":\"en-US\"},{\"@type\":\"Organization\",\"@id\":\"https:\\\/\\\/balencio.com\\\/en\\\/#organization\",\"name\":\"Balencio\",\"url\":\"https:\\\/\\\/balencio.com\\\/en\\\/\",\"logo\":{\"@type\":\"ImageObject\",\"inLanguage\":\"en-US\",\"@id\":\"https:\\\/\\\/balencio.com\\\/en\\\/#\\\/schema\\\/logo\\\/image\\\/\",\"url\":\"https:\\\/\\\/balencio.com\\\/wp-content\\\/uploads\\\/2023\\\/06\\\/logo.svg\",\"contentUrl\":\"https:\\\/\\\/balencio.com\\\/wp-content\\\/uploads\\\/2023\\\/06\\\/logo.svg\",\"width\":\"1024\",\"height\":\"1024\",\"caption\":\"Balencio\"},\"image\":{\"@id\":\"https:\\\/\\\/balencio.com\\\/en\\\/#\\\/schema\\\/logo\\\/image\\\/\"},\"sameAs\":[\"https:\\\/\\\/be.linkedin.com\\\/company\\\/balencio\"]},{\"@type\":\"Person\",\"@id\":\"https:\\\/\\\/balencio.com\\\/en\\\/#\\\/schema\\\/person\\\/a69b4c54f1e20e7ba8337bab91c2f1c6\",\"name\":\"Emeline Martin\",\"image\":{\"@type\":\"ImageObject\",\"inLanguage\":\"en-US\",\"@id\":\"https:\\\/\\\/secure.gravatar.com\\\/avatar\\\/5eac71021853d1167789c10c1d7d4429ca0cb6b5daef221e50d9f771ee898ac3?s=96&d=mm&r=g\",\"url\":\"https:\\\/\\\/secure.gravatar.com\\\/avatar\\\/5eac71021853d1167789c10c1d7d4429ca0cb6b5daef221e50d9f771ee898ac3?s=96&d=mm&r=g\",\"contentUrl\":\"https:\\\/\\\/secure.gravatar.com\\\/avatar\\\/5eac71021853d1167789c10c1d7d4429ca0cb6b5daef221e50d9f771ee898ac3?s=96&d=mm&r=g\",\"caption\":\"Emeline Martin\"},\"url\":\"https:\\\/\\\/balencio.com\\\/en\\\/author\\\/emeline\\\/\"}]}<\/script>\n<!-- \/ Yoast SEO plugin. -->","yoast_head_json":{"title":"Harmonie Mutuelle and Balencio : an effective HR diagnosis - Balencio","description":"Balencio x Harmonie Mutuelle : collaboration around health and well-being at work, with customer testimonials and measurable impact.","robots":{"index":"index","follow":"follow","max-snippet":"max-snippet:-1","max-image-preview":"max-image-preview:large","max-video-preview":"max-video-preview:-1"},"canonical":"https:\/\/balencio.com\/en\/harmonie-mutuelle-and-balencio-an-effective-hr-diagnosis\/","og_locale":"en_US","og_type":"article","og_title":"Harmonie Mutuelle and Balencio : an effective HR diagnosis - Balencio","og_description":"Balencio x Harmonie Mutuelle : collaboration around health and well-being at work, with customer testimonials and measurable impact.","og_url":"https:\/\/balencio.com\/en\/harmonie-mutuelle-and-balencio-an-effective-hr-diagnosis\/","og_site_name":"Balencio","article_published_time":"2023-10-25T09:37:46+00:00","article_modified_time":"2026-04-21T12:49:12+00:00","og_image":[{"width":2560,"height":1440,"url":"https:\/\/balencio.com\/wp-content\/uploads\/2023\/10\/groupe-multiracial-jeunes-creatifs-tenue-decontractee-intelligente-discutant-affaires-se-serrant-main-scaled.jpg","type":"image\/jpeg"}],"author":"Emeline Martin","twitter_card":"summary_large_image","twitter_misc":{"Written by":"Emeline Martin","Est. reading time":"3 minutes"},"schema":{"@context":"https:\/\/schema.org","@graph":[{"@type":"Article","@id":"https:\/\/balencio.com\/en\/harmonie-mutuelle-and-balencio-an-effective-hr-diagnosis\/#article","isPartOf":{"@id":"https:\/\/balencio.com\/en\/harmonie-mutuelle-and-balencio-an-effective-hr-diagnosis\/"},"author":{"name":"Emeline Martin","@id":"https:\/\/balencio.com\/en\/#\/schema\/person\/a69b4c54f1e20e7ba8337bab91c2f1c6"},"headline":"Harmonie Mutuelle and Balencio : an effective HR diagnosis","datePublished":"2023-10-25T09:37:46+00:00","dateModified":"2026-04-21T12:49:12+00:00","mainEntityOfPage":{"@id":"https:\/\/balencio.com\/en\/harmonie-mutuelle-and-balencio-an-effective-hr-diagnosis\/"},"wordCount":627,"publisher":{"@id":"https:\/\/balencio.com\/en\/#organization"},"image":{"@id":"https:\/\/balencio.com\/en\/harmonie-mutuelle-and-balencio-an-effective-hr-diagnosis\/#primaryimage"},"thumbnailUrl":"https:\/\/balencio.com\/wp-content\/uploads\/2023\/10\/groupe-multiracial-jeunes-creatifs-tenue-decontractee-intelligente-discutant-affaires-se-serrant-main-scaled.jpg","keywords":["Testimony"],"articleSection":["Customers"],"inLanguage":"en-US"},{"@type":"WebPage","@id":"https:\/\/balencio.com\/en\/harmonie-mutuelle-and-balencio-an-effective-hr-diagnosis\/","url":"https:\/\/balencio.com\/en\/harmonie-mutuelle-and-balencio-an-effective-hr-diagnosis\/","name":"Harmonie Mutuelle and Balencio : an effective HR diagnosis - Balencio","isPartOf":{"@id":"https:\/\/balencio.com\/en\/#website"},"primaryImageOfPage":{"@id":"https:\/\/balencio.com\/en\/harmonie-mutuelle-and-balencio-an-effective-hr-diagnosis\/#primaryimage"},"image":{"@id":"https:\/\/balencio.com\/en\/harmonie-mutuelle-and-balencio-an-effective-hr-diagnosis\/#primaryimage"},"thumbnailUrl":"https:\/\/balencio.com\/wp-content\/uploads\/2023\/10\/groupe-multiracial-jeunes-creatifs-tenue-decontractee-intelligente-discutant-affaires-se-serrant-main-scaled.jpg","datePublished":"2023-10-25T09:37:46+00:00","dateModified":"2026-04-21T12:49:12+00:00","description":"Balencio x Harmonie Mutuelle : collaboration around health and well-being at work, with customer testimonials and measurable impact.","breadcrumb":{"@id":"https:\/\/balencio.com\/en\/harmonie-mutuelle-and-balencio-an-effective-hr-diagnosis\/#breadcrumb"},"inLanguage":"en-US","potentialAction":[{"@type":"ReadAction","target":["https:\/\/balencio.com\/en\/harmonie-mutuelle-and-balencio-an-effective-hr-diagnosis\/"]}]},{"@type":"ImageObject","inLanguage":"en-US","@id":"https:\/\/balencio.com\/en\/harmonie-mutuelle-and-balencio-an-effective-hr-diagnosis\/#primaryimage","url":"https:\/\/balencio.com\/wp-content\/uploads\/2023\/10\/groupe-multiracial-jeunes-creatifs-tenue-decontractee-intelligente-discutant-affaires-se-serrant-main-scaled.jpg","contentUrl":"https:\/\/balencio.com\/wp-content\/uploads\/2023\/10\/groupe-multiracial-jeunes-creatifs-tenue-decontractee-intelligente-discutant-affaires-se-serrant-main-scaled.jpg","width":2560,"height":1440,"caption":"Multiracial group of young creative people in smart casual wear discussing business shaking hands together and smiling while standing in modern office. Partner cooperation, coworker teamwork concept."},{"@type":"BreadcrumbList","@id":"https:\/\/balencio.com\/en\/harmonie-mutuelle-and-balencio-an-effective-hr-diagnosis\/#breadcrumb","itemListElement":[{"@type":"ListItem","position":1,"name":"Home","item":"https:\/\/balencio.com\/en\/"},{"@type":"ListItem","position":2,"name":"Harmonie Mutuelle and Balencio : an effective HR diagnosis"}]},{"@type":"WebSite","@id":"https:\/\/balencio.com\/en\/#website","url":"https:\/\/balencio.com\/en\/","name":"Balencio","description":"Expert en gestion du capital humain","publisher":{"@id":"https:\/\/balencio.com\/en\/#organization"},"potentialAction":[{"@type":"SearchAction","target":{"@type":"EntryPoint","urlTemplate":"https:\/\/balencio.com\/en\/?s={search_term_string}"},"query-input":{"@type":"PropertyValueSpecification","valueRequired":true,"valueName":"search_term_string"}}],"inLanguage":"en-US"},{"@type":"Organization","@id":"https:\/\/balencio.com\/en\/#organization","name":"Balencio","url":"https:\/\/balencio.com\/en\/","logo":{"@type":"ImageObject","inLanguage":"en-US","@id":"https:\/\/balencio.com\/en\/#\/schema\/logo\/image\/","url":"https:\/\/balencio.com\/wp-content\/uploads\/2023\/06\/logo.svg","contentUrl":"https:\/\/balencio.com\/wp-content\/uploads\/2023\/06\/logo.svg","width":"1024","height":"1024","caption":"Balencio"},"image":{"@id":"https:\/\/balencio.com\/en\/#\/schema\/logo\/image\/"},"sameAs":["https:\/\/be.linkedin.com\/company\/balencio"]},{"@type":"Person","@id":"https:\/\/balencio.com\/en\/#\/schema\/person\/a69b4c54f1e20e7ba8337bab91c2f1c6","name":"Emeline Martin","image":{"@type":"ImageObject","inLanguage":"en-US","@id":"https:\/\/secure.gravatar.com\/avatar\/5eac71021853d1167789c10c1d7d4429ca0cb6b5daef221e50d9f771ee898ac3?s=96&d=mm&r=g","url":"https:\/\/secure.gravatar.com\/avatar\/5eac71021853d1167789c10c1d7d4429ca0cb6b5daef221e50d9f771ee898ac3?s=96&d=mm&r=g","contentUrl":"https:\/\/secure.gravatar.com\/avatar\/5eac71021853d1167789c10c1d7d4429ca0cb6b5daef221e50d9f771ee898ac3?s=96&d=mm&r=g","caption":"Emeline Martin"},"url":"https:\/\/balencio.com\/en\/author\/emeline\/"}]}},"_links":{"self":[{"href":"https:\/\/balencio.com\/en\/wp-json\/wp\/v2\/posts\/8676","targetHints":{"allow":["GET"]}}],"collection":[{"href":"https:\/\/balencio.com\/en\/wp-json\/wp\/v2\/posts"}],"about":[{"href":"https:\/\/balencio.com\/en\/wp-json\/wp\/v2\/types\/post"}],"author":[{"embeddable":true,"href":"https:\/\/balencio.com\/en\/wp-json\/wp\/v2\/users\/3"}],"replies":[{"embeddable":true,"href":"https:\/\/balencio.com\/en\/wp-json\/wp\/v2\/comments?post=8676"}],"version-history":[{"count":2,"href":"https:\/\/balencio.com\/en\/wp-json\/wp\/v2\/posts\/8676\/revisions"}],"predecessor-version":[{"id":8678,"href":"https:\/\/balencio.com\/en\/wp-json\/wp\/v2\/posts\/8676\/revisions\/8678"}],"wp:featuredmedia":[{"embeddable":true,"href":"https:\/\/balencio.com\/en\/wp-json\/wp\/v2\/media\/5064"}],"wp:attachment":[{"href":"https:\/\/balencio.com\/en\/wp-json\/wp\/v2\/media?parent=8676"}],"wp:term":[{"taxonomy":"category","embeddable":true,"href":"https:\/\/balencio.com\/en\/wp-json\/wp\/v2\/categories?post=8676"},{"taxonomy":"post_tag","embeddable":true,"href":"https:\/\/balencio.com\/en\/wp-json\/wp\/v2\/tags?post=8676"}],"curies":[{"name":"wp","href":"https:\/\/api.w.org\/{rel}","templated":true}]}}